{"id":1183,"date":"2015-05-11T23:45:30","date_gmt":"2015-05-11T22:45:30","guid":{"rendered":"http:\/\/www.pravelashop.com\/blog\/?p=1183"},"modified":"2015-05-12T09:38:28","modified_gmt":"2015-05-12T08:38:28","slug":"como-cuidar-el-pelo-en-verano","status":"publish","type":"post","link":"https:\/\/www.pravelashop.com\/blog\/2015\/05\/11\/como-cuidar-el-pelo-en-verano\/","title":{"rendered":"<h2>C\u00f3mo cuidar tu cabello en verano<h2>"},"content":{"rendered":"<p style=\"text-align: justify;\">Los d\u00edas se alargan, suben las temperaturas, el calor comienza a dominarlo todo\u2026S\u00ed, el verano est\u00e1 cada vez m\u00e1s cerca y aunque todas disfrutamos dej\u00e1ndonos mimar por el sol, nuestro cabello sufre amargamente las consecuencias del clima estival. Por eso, ahora que a\u00fan estamos a tiempo de evitar el desastre, os proponemos algunos consejos para <strong>cuidar el pelo en verano<\/strong>.<\/p>\n<p>&nbsp;<\/p>\n<p style=\"text-align: justify;\">\u00bfQuieres salvar a tu melena de un destino terrible? \u00bfTienes <strong>pesadillas con un cabello seco<\/strong>, \u00e1spero y cuyo\u00a0aspecto es sospechosamente similar\u00a0al estropajo? \u00a1Pues sigue leyendo!<\/p>\n<p><a href=\"https:\/\/www.pravelashop.com\/blog\/wp-content\/uploads\/2015\/05\/C\u00f3mo-cuidar-el-cabello-en-verano.jpg\" target=\"_blank\"><img loading=\"lazy\" class=\"aligncenter wp-image-1187 size-full\" src=\"https:\/\/www.pravelashop.com\/blog\/wp-content\/uploads\/2015\/05\/C\u00f3mo-cuidar-el-cabello-en-verano.jpg\" alt=\"C\u00f3mo cuidar el cabello en verano\" width=\"3008\" height=\"2000\" \/><\/a><\/p>\n<h2>Consejos para cuidar el pelo en verano<\/h2>\n<p>&nbsp;<\/p>\n<ul>\n<li><strong>No pierdas de vista las puntas<\/strong><\/li>\n<\/ul>\n<p>&nbsp;<\/p>\n<p style=\"text-align: justify;\">En lo que a cuestiones capilares se refiere, lo mejor para recibir al verano, es dedicarle un cuidado extra a las puntas del cabello, pues cuando las exponemos de forma intensiva al sol se estropean f\u00e1cilmente.\u00a0As\u00ed, en primer lugar es muy recomendable hacer una visita a la peluquer\u00eda para <strong>cortarnos un poco el pelo<\/strong> antes de comenzar las visitas a la playa o la piscina. De esta forma, sanearemos nuestra melena y evitaremos que al acabar la temporada estival el desastre se haya extendido.<\/p>\n<p>&nbsp;<\/p>\n<p style=\"text-align: justify;\">Una vez eliminadas las puntas m\u00e1s estropeadas, debemos asegurarnos de cuidar nuestro nuevo corte de pelo. Para ello, nada mejor que un acondicionador espec\u00edfico para <strong>luchar contra las puntas abiertas<\/strong>.<\/p>\n<p>&nbsp;<\/p>\n<p><a href=\"https:\/\/www.pravelashop.com\/pravelashop\/4600068\/conditioner-fit-ends-sergilac-200ml.html\" target=\"_blank\"><img loading=\"lazy\" class=\"aligncenter wp-image-1185 size-full\" src=\"https:\/\/www.pravelashop.com\/blog\/wp-content\/uploads\/2015\/05\/C\u00f3mo-cuidar-el-pelo-en-verano.jpg\" alt=\"C\u00f3mo cuidar el pelo en verano\" width=\"366\" height=\"607\" \/><\/a><\/p>\n<ul>\n<li><strong>Elige un champ\u00fa estival<\/strong><\/li>\n<\/ul>\n<p>&nbsp;<\/p>\n<p style=\"text-align: justify;\">Opta por un champ\u00fa que est\u00e9 pensado para estos meses de calor, playa y sol. Por ejemplo, el <a title=\"C\u00f3mo cuidar el pelo en verano\" href=\"https:\/\/www.pravelashop.com\/blog\/2015\/04\/02\/champu-de-coco-pelo-limpio-suave-brillo\/\" target=\"_blank\"><em>Coco Beach<\/em><\/a> de Sergilac, que adem\u00e1s de hidratar tu cabello, lo limpia de residuos t\u00edpicamente estivales como el <strong>cloro de la piscina o el salitre del mar<\/strong>. Y todo ello dejando sobre tu melena un sutil e irresistible aroma a coco.<\/p>\n<p><a href=\"https:\/\/www.pravelashop.com\/pravelashop\/4600009\/champu-concentrado-coco-beach-sergilac-250ml.html\" target=\"_blank\"><img loading=\"lazy\" class=\"aligncenter wp-image-987 size-full\" src=\"https:\/\/www.pravelashop.com\/blog\/wp-content\/uploads\/2015\/04\/CHAMPU_COCO_SERGILAC.jpg\" alt=\"CHAMPU_COCO_SERGILAC\" width=\"620\" height=\"930\" \/><\/a><\/p>\n<p>&nbsp;<\/p>\n<ul>\n<li style=\"text-align: justify;\"><strong>M\u00e1s tiempo bajo la ducha<\/strong><\/li>\n<\/ul>\n<p>&nbsp;<\/p>\n<p style=\"text-align: justify;\">La transpiraci\u00f3n y la producci\u00f3n de sebo que se producen por culpa del calor y la humedad hacen que nuestro pelo est\u00e9 m\u00e1s grasiento y se ensucie con mayor facilidad durante los meses de verano. Por ello, en esta \u00e9poca sentimos una mayor necesidad de lavarnos el pelo muy a menudo. Si \u00e9se es tu caso, opta por el agua templada o fr\u00eda: adem\u00e1s de aumentar el brillo del cabello, mejorar la circulaci\u00f3n de tu cuero cabelludo.<\/p>\n<p>&nbsp;<\/p>\n<p style=\"text-align: justify;\"><a href=\"https:\/\/www.pravelashop.com\/blog\/wp-content\/uploads\/2015\/05\/Trucos-para-cuidar-el-pelo-en-verano.jpg\"><img loading=\"lazy\" class=\"aligncenter size-full wp-image-1195\" src=\"https:\/\/www.pravelashop.com\/blog\/wp-content\/uploads\/2015\/05\/Trucos-para-cuidar-el-pelo-en-verano.jpg\" alt=\"Trucos para cuidar el pelo en verano\" width=\"2000\" height=\"1237\" \/><\/a><\/p>\n<p>&nbsp;<\/p>\n<ul>\n<li><strong>Hidratar y refrescar<\/strong><\/li>\n<\/ul>\n<p>&nbsp;<\/p>\n<p style=\"text-align: justify;\">Tras una placentera jornada de sol y calor, nuestro pelo est\u00e1 sediento y d\u00e9bil. Recuperar su vigor y suavidad depende de algo tan sencillo como elegir la mascarilla correcta. De esta forma, adem\u00e1s de conseguir m\u00e1s nutrici\u00f3n\u00a0para tu melena, tambi\u00e9n recibir\u00e1s una dosis de frescor y relax en tu cuero cabelludo. Y es que, cuidar el pelo en verano es sin\u00f3nimo de hidratarlo. Mucho.<\/p>\n<p><a href=\"https:\/\/www.pravelashop.com\/pravelashop\/5207020\/mascarilla-repair-keratin-sergilac-500ml.html\" target=\"_blank\"><img loading=\"lazy\" class=\"aligncenter wp-image-975 size-full\" title=\"C\u00f3mo cuidar el pelo en verano\" src=\"https:\/\/www.pravelashop.com\/blog\/wp-content\/uploads\/2015\/04\/Mascarilla-hidratante-para-el-pelo-e1428490230857.jpg\" alt=\"C\u00f3mo cuidar el pelo en verano\" width=\"401\" height=\"582\" \/><\/a><\/p>\n<p style=\"text-align: center;\">Nuestras peluquer\u00edas \u2014&gt; <a title=\"Peluquerias en Vecindario, Telde y Las Palmas\" href=\"http:\/\/www.pravelapeluqueros.es\/\" target=\"_blank\">www.pravelapeluqueros.es<\/a><br \/>\nNuestra Tienda Online \u2014&gt; <a title=\"Tienda online donde comprar productos de peluqueria o keratina\" href=\"https:\/\/www.pravelashop.com\/\" target=\"_blank\">www.pravelashop.com<\/a><\/p>\n","protected":false},"excerpt":{"rendered":"<p>Los d\u00edas se alargan, suben las temperaturas, el calor comienza a dominarlo todo\u2026S\u00ed, el verano est\u00e1 cada vez m\u00e1s cerca y aunque todas disfrutamos dej\u00e1ndonos mimar por el sol, nuestro cabello sufre amargamente las consecuencias del clima estival. Por eso, ahora que a\u00fan estamos a tiempo de evitar el desastre, os proponemos algunos consejos para<\/p>\n","protected":false},"author":1,"featured_media":1188,"comment_status":"open","ping_status":"open","sticky":false,"template":"","format":"standard","meta":[],"categories":[10,70,11,2,9,4,5],"tags":[53,16,54,47,44,49,62,100],"_links":{"self":[{"href":"https:\/\/www.pravelashop.com\/blog\/wp-json\/wp\/v2\/posts\/1183"}],"collection":[{"href":"https:\/\/www.pravelashop.com\/blog\/wp-json\/wp\/v2\/posts"}],"about":[{"href":"https:\/\/www.pravelashop.com\/blog\/wp-json\/wp\/v2\/types\/post"}],"author":[{"embeddable":true,"href":"https:\/\/www.pravelashop.com\/blog\/wp-json\/wp\/v2\/users\/1"}],"replies":[{"embeddable":true,"href":"https:\/\/www.pravelashop.com\/blog\/wp-json\/wp\/v2\/comments?post=1183"}],"version-history":[{"count":18,"href":"https:\/\/www.pravelashop.com\/blog\/wp-json\/wp\/v2\/posts\/1183\/revisions"}],"predecessor-version":[{"id":1206,"href":"https:\/\/www.pravelashop.com\/blog\/wp-json\/wp\/v2\/posts\/1183\/revisions\/1206"}],"wp:featuredmedia":[{"embeddable":true,"href":"https:\/\/www.pravelashop.com\/blog\/wp-json\/wp\/v2\/media\/1188"}],"wp:attachment":[{"href":"https:\/\/www.pravelashop.com\/blog\/wp-json\/wp\/v2\/media?parent=1183"}],"wp:term":[{"taxonomy":"category","embeddable":true,"href":"https:\/\/www.pravelashop.com\/blog\/wp-json\/wp\/v2\/categories?post=1183"},{"taxonomy":"post_tag","embeddable":true,"href":"https:\/\/www.pravelashop.com\/blog\/wp-json\/wp\/v2\/tags?post=1183"}],"curies":[{"name":"wp","href":"https:\/\/api.w.org\/{rel}","templated":true}]}}