{"id":1207,"date":"2015-05-13T20:58:47","date_gmt":"2015-05-13T19:58:47","guid":{"rendered":"http:\/\/www.pravelashop.com\/blog\/?p=1207"},"modified":"2015-05-14T14:53:20","modified_gmt":"2015-05-14T13:53:20","slug":"como-conseguir-melena-efecto-despeinado","status":"publish","type":"post","link":"https:\/\/www.pravelashop.com\/blog\/2015\/05\/13\/como-conseguir-melena-efecto-despeinado\/","title":{"rendered":"<h2>\u00a1Consigue una melena con efecto despeinado!<h2>"},"content":{"rendered":"<p style=\"text-align: justify;\">Parece incre\u00edble, pero ir despeinada est\u00e1 de moda. Bueno, en realidad lo que triunfa esta temporada son\u00a0looks <em>messy<\/em>, o lo que es lo mismo, el<strong>\u00a0efecto despeinado<\/strong>.\u00a0Se trata de una tendencia con aires rockeros y desenfadados que queda especialmente bien en medias melenas, aunque tambi\u00e9n se puede adaptar a cabellos largos o cortos. \u00bfEl objetivo? Declararle la guerra al cabello liso y pulcro.<\/p>\n<p>&nbsp;<\/p>\n<p style=\"text-align: justify;\">Esa imagen falsamente descuidada derrocha un\u00a0<strong>aire rockero y desenfadado<\/strong> que aporta mucha personalidad y resulta \u00a0el contraste perfecto para los rostros m\u00e1s dulces. Lograr el efecto despeinado en nuestro pelo puede parecer f\u00e1cil, pero hay que tener en cuenta algunas claves.<\/p>\n<p>&nbsp;<\/p>\n<div id=\"attachment_1209\" style=\"width: 616px\" class=\"wp-caption aligncenter\"><a href=\"https:\/\/www.pravelashop.com\/blog\/wp-content\/uploads\/2015\/05\/Efecto-despeinado-mujer.jpg\"><img aria-describedby=\"caption-attachment-1209\" loading=\"lazy\" class=\"wp-image-1209 size-full\" src=\"https:\/\/www.pravelashop.com\/blog\/wp-content\/uploads\/2015\/05\/Efecto-despeinado-mujer.jpg\" alt=\"Efecto despeinado mujer\" width=\"606\" height=\"606\" srcset=\"https:\/\/www.pravelashop.com\/blog\/wp-content\/uploads\/2015\/05\/Efecto-despeinado-mujer.jpg 606w, https:\/\/www.pravelashop.com\/blog\/wp-content\/uploads\/2015\/05\/Efecto-despeinado-mujer-150x150.jpg 150w\" sizes=\"(max-width: 606px) 100vw, 606px\" \/><\/a><\/p>\n<p id=\"caption-attachment-1209\" class=\"wp-caption-text\">Ana de Armas\/ Instagram<\/p>\n<\/div>\n<p>&nbsp;<\/p>\n<h2>El efecto despeinado paso a paso<\/h2>\n<p style=\"text-align: justify;\">Las melenas con efecto despeinado siguen tres premisas b\u00e1sicas: <strong>volumen, textura y naturalidad<\/strong>. Para que las tres se conjuguen a la perfecci\u00f3n debemos seguir las siguientes instrucciones:<\/p>\n<ul>\n<li>En primer lugar, es necesario que te seques el pelo <strong>con la cabeza hacia abajo<\/strong>, aplicando el calor del secador desde las puntas. De esta forma conseguir\u00e1s un cabello con m\u00e1s cuerpo y ayudar\u00e1s a ese resultado final algo \u00abdesordenado\u00bb.<\/li>\n<\/ul>\n<p>&nbsp;<\/p>\n<ul>\n<ul>\n<li><a title=\"Secador profesional turmalina de peluqueria\" href=\"https:\/\/www.pravelashop.com\/pravelashop\/4969634\/secador-profesional-peluqueria-ionico-verde-3900-rpm.html\" target=\"_blank\"><img loading=\"lazy\" class=\"aligncenter wp-image-475 size-full\" src=\"https:\/\/www.pravelashop.com\/blog\/wp-content\/uploads\/2015\/02\/C\u00f3mo-proteger-el-cabello-del-fr\u00edo.jpg\" alt=\"C\u00f3mo proteger el cabello del fr\u00edo\" width=\"446\" height=\"454\" \/><\/a><\/li>\n<\/ul>\n<\/ul>\n<p>&nbsp;<\/p>\n<ul>\n<ul>\n<li>\u00a0A continuaci\u00f3n, debes echar mano de la <a title=\"Efecto despeinado planchas\" href=\"https:\/\/www.pravelashop.com\/pravelashop\/c283035\/plancha-de-peinado.html\" target=\"_blank\">plancha o las tenacillas<\/a> para hacerte algunas<strong> ondas que le den movimiento a tu cabello<\/strong>. No se trata de llena tu cabello de bucles, sino de conseguir un efecto parecido al que tiene nuestro cabello cuando estamos reci\u00e9n levantas (pero sin las ojeras de oso panda, claro).<\/li>\n<\/ul>\n<\/ul>\n<p>&nbsp;<\/p>\n<ul>\n<li><a title=\"Plancha de peinado profesional titanio peluqueria\" href=\"https:\/\/www.pravelashop.com\/pravelashop\/5083992\/plancha-profesional-a6-champagne-titanium-infrarojos.html\" target=\"_blank\"><img loading=\"lazy\" class=\"aligncenter wp-image-215 size-full\" src=\"https:\/\/www.pravelashop.com\/blog\/wp-content\/uploads\/2014\/12\/Plancha-grande.jpg\" alt=\"Plancha A6 Pink  Cristal Diamond\" width=\"730\" height=\"350\" \/><\/a>Una vez seco el pelo, es necesario proceder a <strong>cardar ligeramente el flequillo, la coronilla y algunos mechones<\/strong>. Para ello puedes usar un peine o incluso hacerlo con tus propias manos arrastrando el pelo desde la punta hacia la ra\u00edz.<\/li>\n<\/ul>\n<p>&nbsp;<\/p>\n<ul>\n<li style=\"text-align: justify;\">Una vez cardado el pelo, debes <strong>usar un poco de cera en las puntas<\/strong> para aportar m\u00e1s textura a tu melena y ayudar a que el efecto despeinado dure m\u00e1s tiempo. El \u00faltimo paso para conseguir ese aire informal y algo salvaje es inclinar la cabeza hacia delante y sacudir el cabello un par de veces.<a href=\"https:\/\/www.pravelashop.com\/pravelashop\/4602338\/cera-matt-gum-strong-sergilac-150ml.html\" target=\"_blank\"><img loading=\"lazy\" class=\"aligncenter wp-image-612 size-full\" src=\"https:\/\/www.pravelashop.com\/blog\/wp-content\/uploads\/2015\/02\/Cera-fuerte-e1424894381506.png\" alt=\"Cera fuerte efecto despeinado\" width=\"686\" height=\"514\" \/><\/a><\/li>\n<\/ul>\n<p>&nbsp;<\/p>\n<p style=\"text-align: justify;\">Y eso es todo, ya est\u00e1s lista para lucir tu melena con efecto despeinado. Eso s\u00ed, este <em>look messy<\/em> exige una <strong>dosis extra de actitud<\/strong>. \u00a1Recuerda no salir nunca\u00a0de casa sin ella!<\/p>\n<p>&nbsp;<\/p>\n<div id=\"attachment_1218\" style=\"width: 491px\" class=\"wp-caption aligncenter\"><a href=\"https:\/\/www.pravelashop.com\/blog\/wp-content\/uploads\/2015\/05\/Pelo-efecto-despeinado.jpg\"><img aria-describedby=\"caption-attachment-1218\" loading=\"lazy\" class=\"wp-image-1218 size-full\" src=\"https:\/\/www.pravelashop.com\/blog\/wp-content\/uploads\/2015\/05\/Pelo-efecto-despeinado.jpg\" alt=\"Pelo efecto despeinado\" width=\"481\" height=\"614\" \/><\/a><\/p>\n<p id=\"caption-attachment-1218\" class=\"wp-caption-text\">Alexa Chung\/ Instagram<\/p>\n<\/div>\n<p>&nbsp;<\/p>\n<p style=\"text-align: center;\"><span style=\"color: #808080;\">Nuestras peluquer\u00edas &#8212;&gt;<\/span> <a title=\"Peluquerias en Vecindario, Telde y Las Palmas de Gran Canaria\" href=\"http:\/\/www.pravelapeluqueros.es\" target=\"_blank\">www.pravelapeluqueros.es<\/a><\/p>\n<p style=\"text-align: center;\"><span style=\"color: #808080;\">Nuestra Tienda Online &#8212;&gt;<\/span> <a title=\"Tienda online productos de peluqueria - tinte - keratina - secador - plancha - mascarilla - champu\" href=\"http:\/\/www.pravelashop.com\" target=\"_blank\">www.pravelashop.com<\/a><\/p>\n<p>&nbsp;<\/p>\n","protected":false},"excerpt":{"rendered":"<p>Parece incre\u00edble, pero ir despeinada est\u00e1 de moda. Bueno, en realidad lo que triunfa esta temporada son\u00a0looks messy, o lo que es lo mismo, el\u00a0efecto despeinado.\u00a0Se trata de una tendencia con aires rockeros y desenfadados que queda especialmente bien en medias melenas, aunque tambi\u00e9n se puede adaptar a cabellos largos o cortos. \u00bfEl objetivo? Declararle<\/p>\n","protected":false},"author":1,"featured_media":1215,"comment_status":"open","ping_status":"open","sticky":false,"template":"","format":"standard","meta":[],"categories":[87,2,14,3,5],"tags":[38,42,66,58,57,71,41],"_links":{"self":[{"href":"https:\/\/www.pravelashop.com\/blog\/wp-json\/wp\/v2\/posts\/1207"}],"collection":[{"href":"https:\/\/www.pravelashop.com\/blog\/wp-json\/wp\/v2\/posts"}],"about":[{"href":"https:\/\/www.pravelashop.com\/blog\/wp-json\/wp\/v2\/types\/post"}],"author":[{"embeddable":true,"href":"https:\/\/www.pravelashop.com\/blog\/wp-json\/wp\/v2\/users\/1"}],"replies":[{"embeddable":true,"href":"https:\/\/www.pravelashop.com\/blog\/wp-json\/wp\/v2\/comments?post=1207"}],"version-history":[{"count":12,"href":"https:\/\/www.pravelashop.com\/blog\/wp-json\/wp\/v2\/posts\/1207\/revisions"}],"predecessor-version":[{"id":1226,"href":"https:\/\/www.pravelashop.com\/blog\/wp-json\/wp\/v2\/posts\/1207\/revisions\/1226"}],"wp:featuredmedia":[{"embeddable":true,"href":"https:\/\/www.pravelashop.com\/blog\/wp-json\/wp\/v2\/media\/1215"}],"wp:attachment":[{"href":"https:\/\/www.pravelashop.com\/blog\/wp-json\/wp\/v2\/media?parent=1207"}],"wp:term":[{"taxonomy":"category","embeddable":true,"href":"https:\/\/www.pravelashop.com\/blog\/wp-json\/wp\/v2\/categories?post=1207"},{"taxonomy":"post_tag","embeddable":true,"href":"https:\/\/www.pravelashop.com\/blog\/wp-json\/wp\/v2\/tags?post=1207"}],"curies":[{"name":"wp","href":"https:\/\/api.w.org\/{rel}","templated":true}]}}