{"id":1229,"date":"2015-05-18T23:51:46","date_gmt":"2015-05-18T22:51:46","guid":{"rendered":"http:\/\/www.pravelashop.com\/blog\/?p=1229"},"modified":"2015-05-19T09:41:26","modified_gmt":"2015-05-19T08:41:26","slug":"frenar-la-caida-del-pelo","status":"publish","type":"post","link":"https:\/\/www.pravelashop.com\/blog\/2015\/05\/18\/frenar-la-caida-del-pelo\/","title":{"rendered":"<h2>3 motivos por los que se te cae el pelo y el m\u00e9todo  definitivo para evitarlo<h2>"},"content":{"rendered":"<p>&nbsp;<\/p>\n<p>Ya basta de mentiras. Es hora de dejar de enga\u00f1arte a ti misma. No puedes seguir negando la realidad: se te cae el pelo. Al principio pensabas que ser\u00eda una cuesti\u00f3n puntual, que se deb\u00eda a la \u00e9poca del a\u00f1o o que, total, solamente eran un par de cabellos sueltos en el cepillo\u2026 Sin embargo, pasan las semanas y los mechones siguen desliz\u00e1ndose\u00a0como las hojas de los \u00e1rboles en oto\u00f1o. Tu prioridad es <a title=\"Frenar la ca\u00edda del pelo\" href=\"https:\/\/www.pravelashop.com\/blog\/2015\/01\/27\/caida-del-pelo-mujeres-tratamiento\/\" target=\"_blank\"><strong>frenar la ca\u00edda del pelo<\/strong><\/a>, pero ahora mismo te parece una misi\u00f3n imposible.<\/p>\n<p>&nbsp;<\/p>\n<p>Tranquila, no est\u00e1s sola. De hecho, <strong>son muchas las mujeres que sufren este tipo de problemas<\/strong> capilares. Y es que, la p\u00e9rdida del cabello en la poblaci\u00f3n femenina es un fen\u00f3meno mucho m\u00e1s com\u00fan de lo que creemos. Sus causas son muy diversas, pero hemos seleccionado las tres m\u00e1s importantes:<\/p>\n<p>&nbsp;<\/p>\n<ul>\n<li>\n<h2>\u00a1Maldito estr\u00e9s!<\/h2>\n<\/li>\n<\/ul>\n<h2>\u00a0<a href=\"https:\/\/www.pravelashop.com\/blog\/wp-content\/uploads\/2015\/05\/ca\u00edda-del-pelo-por-estr\u00e9s.jpg\" target=\"_blank\"><img loading=\"lazy\" class=\"aligncenter wp-image-1236 size-full\" src=\"https:\/\/www.pravelashop.com\/blog\/wp-content\/uploads\/2015\/05\/ca\u00edda-del-pelo-por-estr\u00e9s.jpg\" alt=\"ca\u00edda del pelo por estr\u00e9s\" width=\"2400\" height=\"1600\" \/><\/a><\/h2>\n<p>El estr\u00e9s y la ansiedad- bien\u00a0por un exceso de actividades diarias, bien por estar atravesando un momento personal o profesional complicado- son dos de los males caracter\u00edsticos de la sociedad contempor\u00e1nea y sus efectos se hacen notar en nuestro organismo. Por ello, uno de los da\u00f1os colaterales de estar estresada es la ca\u00edda del cabello.<\/p>\n<p>&nbsp;<\/p>\n<ul>\n<li>\n<h2>\u00a1Malditas hormonas!<\/h2>\n<\/li>\n<\/ul>\n<h2>\u00a0<a href=\"https:\/\/www.pravelashop.com\/blog\/wp-content\/uploads\/2015\/05\/ca\u00edda-del-pelo-por-embarazo.jpg\" target=\"_blank\"><img loading=\"lazy\" class=\"aligncenter wp-image-1238 size-full\" src=\"https:\/\/www.pravelashop.com\/blog\/wp-content\/uploads\/2015\/05\/ca\u00edda-del-pelo-por-embarazo.jpg\" alt=\"ca\u00edda del pelo por embarazo\" width=\"3000\" height=\"4108\" \/><\/a><\/h2>\n<p>Los cambios hormonales pueden convertirse en el peor enemigo para nuestro cabello. El uso o abandono de las pastillas anticonceptivas, el embarazo as\u00ed como el inicio de la menopausia son algunos de los momentos en los que nuestra salud capilar puede verse perjudicada.<\/p>\n<p>&nbsp;<\/p>\n<ul>\n<li>\n<h2>\u00a1Maldita alimentaci\u00f3n!<\/h2>\n<\/li>\n<\/ul>\n<h2>\u00a0<a href=\"https:\/\/www.pravelashop.com\/blog\/wp-content\/uploads\/2015\/05\/ca\u00edda-del-pelo-por-estr\u00e9s.jpg\"><br \/>\n<\/a> <a href=\"https:\/\/www.pravelashop.com\/blog\/wp-content\/uploads\/2015\/05\/causas-ca\u00edda-del-cabello.jpg\" target=\"_blank\"><img loading=\"lazy\" class=\"aligncenter wp-image-1237 size-full\" src=\"https:\/\/www.pravelashop.com\/blog\/wp-content\/uploads\/2015\/05\/causas-ca\u00edda-del-cabello.jpg\" alt=\"causas ca\u00edda del cabello\" width=\"3872\" height=\"2592\" \/><\/a><\/h2>\n<p>Aunque a veces cueste creerlo, no llevar una dieta equilibrada puede causar estragos en nuestra melena. La mala alimentaci\u00f3n- es decir, aquella pobre en vitaminas, minerales y prote\u00ednas- provoca que el cabello se vuelva d\u00e9bil, quebradizo y apagado, lo cual, obviamente, es un factor determinante para su ca\u00edda.<\/p>\n<p>&nbsp;<\/p>\n<h2>El m\u00e9todo definitivo para frenar la ca\u00edda del pelo<\/h2>\n<p><a href=\"https:\/\/www.pravelashop.com\/pravelashop\/4600070\/ampollas-anticaida-regenerative-sergilac-12x10ml.html\" target=\"_blank\"><img loading=\"lazy\" class=\"aligncenter wp-image-1232 size-full\" src=\"https:\/\/www.pravelashop.com\/blog\/wp-content\/uploads\/2015\/05\/Frenar-la-ca\u00edda-del-pelo.jpg\" alt=\"Frenar la ca\u00edda del pelo\" width=\"500\" height=\"691\" \/><\/a><\/p>\n<p>Una vez detectados los motivos m\u00e1s comunes por los que se pierde cabello, queda encontrar la forma de evitarlo. Para ello, Pravela pone a tu disposici\u00f3n el m\u00e9todo Regenerative de Sergilac para frenar la ca\u00edda del pelo.\u00a0Se trata de un tratamiento de choque compuesto por un champ\u00fa y un pack de ampollas cuyos efectos combinados previenen los des\u00f3rdenes funcionales de nuestras fibras capilares y estimulan sus c\u00e9lulas.<\/p>\n<p>Gracias a su alto contenido en prote\u00ednas, vitamina B6 y provitamina B5 el m\u00e9todo Regenerative logra <strong>fortalecer el cabello y dotarlo de vida<\/strong>. El sistema de Sergilac para frenar la ca\u00edda del pelo incluye un 12 ampollas de 10 ml cada una y un champ\u00fa de 250 ml. Sin embargo, Pravela ofrece una promoci\u00f3n exclusiva en su tienda <em>on-line<\/em> por la que al comprar un pack de ampollas recibes <strong>de forma gratuita el champ\u00fa<\/strong>.<\/p>\n<p><a href=\"https:\/\/www.pravelashop.com\/pravelashop\/4600003\/champu-anticaida-regenarative-sergilac-250ml.html\" target=\"_blank\"><img loading=\"lazy\" class=\"aligncenter wp-image-1233 size-full\" src=\"https:\/\/www.pravelashop.com\/blog\/wp-content\/uploads\/2015\/05\/Frenar-la-ca\u00edda-del-cabello-e1431988315847.jpg\" alt=\"\" width=\"397\" height=\"583\" \/><\/a><\/p>\n<p><strong>Ya no tienes excusas<\/strong> para frenar la ca\u00edda del pelo de una vez y para siempre. \u00bfA qu\u00e9 esperas? Tu cabello, tu ducha y tu cepillo te lo agradecer\u00e1n.<\/p>\n<p style=\"text-align: center;\">Nuestra Tienda Online \u2014&gt; <a title=\"Tienda online donde comprar productos de peluqueria o keratina\" href=\"https:\/\/www.pravelashop.com\/\" target=\"_blank\">www.pravelashop.com<\/a><\/p>\n","protected":false},"excerpt":{"rendered":"<p>&nbsp; Ya basta de mentiras. Es hora de dejar de enga\u00f1arte a ti misma. No puedes seguir negando la realidad: se te cae el pelo. Al principio pensabas que ser\u00eda una cuesti\u00f3n puntual, que se deb\u00eda a la \u00e9poca del a\u00f1o o que, total, solamente eran un par de cabellos sueltos en el cepillo\u2026 Sin<\/p>\n","protected":false},"author":1,"featured_media":1234,"comment_status":"open","ping_status":"open","sticky":false,"template":"","format":"standard","meta":[],"categories":[101,70,2],"tags":[48,53,94,95],"_links":{"self":[{"href":"https:\/\/www.pravelashop.com\/blog\/wp-json\/wp\/v2\/posts\/1229"}],"collection":[{"href":"https:\/\/www.pravelashop.com\/blog\/wp-json\/wp\/v2\/posts"}],"about":[{"href":"https:\/\/www.pravelashop.com\/blog\/wp-json\/wp\/v2\/types\/post"}],"author":[{"embeddable":true,"href":"https:\/\/www.pravelashop.com\/blog\/wp-json\/wp\/v2\/users\/1"}],"replies":[{"embeddable":true,"href":"https:\/\/www.pravelashop.com\/blog\/wp-json\/wp\/v2\/comments?post=1229"}],"version-history":[{"count":11,"href":"https:\/\/www.pravelashop.com\/blog\/wp-json\/wp\/v2\/posts\/1229\/revisions"}],"predecessor-version":[{"id":1246,"href":"https:\/\/www.pravelashop.com\/blog\/wp-json\/wp\/v2\/posts\/1229\/revisions\/1246"}],"wp:featuredmedia":[{"embeddable":true,"href":"https:\/\/www.pravelashop.com\/blog\/wp-json\/wp\/v2\/media\/1234"}],"wp:attachment":[{"href":"https:\/\/www.pravelashop.com\/blog\/wp-json\/wp\/v2\/media?parent=1229"}],"wp:term":[{"taxonomy":"category","embeddable":true,"href":"https:\/\/www.pravelashop.com\/blog\/wp-json\/wp\/v2\/categories?post=1229"},{"taxonomy":"post_tag","embeddable":true,"href":"https:\/\/www.pravelashop.com\/blog\/wp-json\/wp\/v2\/tags?post=1229"}],"curies":[{"name":"wp","href":"https:\/\/api.w.org\/{rel}","templated":true}]}}