{"id":1281,"date":"2015-05-27T00:00:41","date_gmt":"2015-05-26T23:00:41","guid":{"rendered":"http:\/\/www.pravelashop.com\/blog\/?p=1281"},"modified":"2015-05-27T23:09:37","modified_gmt":"2015-05-27T22:09:37","slug":"mascarillas-hidratantes-para-pelo-seco-verano","status":"publish","type":"post","link":"https:\/\/www.pravelashop.com\/blog\/2015\/05\/27\/mascarillas-hidratantes-para-pelo-seco-verano\/","title":{"rendered":"<h2>Las mejores mascarillas hidratantes para salvar tu pelo este verano<h2>"},"content":{"rendered":"<p style=\"text-align: justify;\">Todos los a\u00f1os te pasa y todos los a\u00f1os te prometes a ti misma que no volver\u00e1 a ocurrir. Pero llega el verano y reincides en tus delitos: <a title=\"C\u00f3mo cuidar el pelo en verano\" href=\"https:\/\/www.pravelashop.com\/blog\/2015\/05\/11\/como-cuidar-el-pelo-en-verano\/\" target=\"_blank\">no cuidas lo suficiente tu cabello<\/a> y el exceso de sol, calor, playa y piscina convierten tu sedosa melena en un estropajo seco y sin brillo&#8230; El drama est\u00e1 servido. Si quieres acabar de una vez con esta recurrente tragedia estival, nada mejor que contar con una buena selecci\u00f3n de <strong>mascarillas hidratantes para pelo seco<\/strong>.<\/p>\n<p>&nbsp;<\/p>\n<p style=\"text-align: justify;\">Proporcionar a nuestro pelo un poco de nutrici\u00f3n extra es f\u00e1cil, lo complicado es elegir qu\u00e9 mascarilla nos conviene m\u00e1s <strong>seg\u00fan el estado de nuestro cabello<\/strong>. Por este motivo, te presentamos las mejores opciones para que, escojas la que escojas, puedas estar segura de haber acertado.<\/p>\n<p>&nbsp;<\/p>\n<h2 style=\"text-align: justify;\">Gu\u00eda definitiva de las mascarillas hidratantes para pelo seco<\/h2>\n<p>&nbsp;<\/p>\n<p style=\"text-align: justify;\"><strong>Para las que se han hecho un tratamiento de keratina<\/strong><\/p>\n<p style=\"text-align: justify;\"><strong>Tras un <a title=\"Tratamiento de keratina para el pelo\" href=\"https:\/\/www.pravelashop.com\/blog\/2015\/03\/26\/las-dudas-mas-frecuentes-sobre-los-tratamientos-de-keratina-para-el-pelo\/\" target=\"_blank\">tratamiento de keratina<\/a><\/strong>, el cabello puede quedar algo debilitado por lo que precisa de cuidados especiales y una mayor protecci\u00f3n. Si \u00e9ste es tu caso, la Deep Treatment\u00a0 de <a title=\"Mascarilla hidratante tratamiento de keratina\" href=\"https:\/\/www.pravelashop.com\/blog\/2015\/02\/17\/bmt-bio-keratin-alisado-de-keratina-sin-formol\/\" target=\"_blank\">BMT BIO KERATIN\u00a0<\/a>es la mascarilla hidratante que tu pelo necesita. Este tratamiento intensivo nutre la fibra capilar desde su interior y consigue devolverle la elasticidad perdida. Adem\u00e1s, aumenta la suavidad y el brillo de las melenas m\u00e1s castigadas y no incluye sal ni sulfatos.<\/p>\n<p>&nbsp;<\/p>\n<p style=\"text-align: justify;\"><a title=\"Mascarilla hidratante para pelo seco\" href=\"https:\/\/www.pravelashop.com\/pravelashop\/5139138\/mascarilla-deep-treatment-bmt-bio-keratin-250ml--tratamiento-alisado-keratina.html\" target=\"_blank\"><img loading=\"lazy\" class=\"aligncenter size-full wp-image-1284\" src=\"https:\/\/www.pravelashop.com\/blog\/wp-content\/uploads\/2015\/05\/Mascarillas-hidratantes-para-cabello-seco.jpg\" alt=\"Mascarillas hidratantes para cabello seco\" width=\"378\" height=\"558\" \/><\/a><\/p>\n<p>&nbsp;<\/p>\n<p style=\"text-align: justify;\"><strong>Para las que buscan suavidad y sensualidad a partes iguales<\/strong><\/p>\n<p style=\"text-align: justify;\">Si quieres nutrir tu pelo y embriagar tus sentidos al mismo tiempo, te recomendamos una <strong>mascarilla de <a title=\"Aceite de arg\u00e1n para el pelo\" href=\"https:\/\/www.pravelashop.com\/blog\/2014\/12\/04\/aceite-de-argan-secreto-cuidar-cabello\/\" target=\"_blank\">aceite de arg\u00e1n<\/a><\/strong>. Utilizado por los pueblos bereberes desde hace siglos, el aceite de arg\u00e1n es perfecto para las mujeres con cabellos secos, encrespados o debilitados. Adem\u00e1s, tambi\u00e9n est\u00e1 recomendado para aqu\u00e9llas que se hayan sometido a un tratamiento de keratina, pues aporta una dosis extra de nutrici\u00f3n.<\/p>\n<p>&nbsp;<\/p>\n<p style=\"text-align: justify;\">Estas mascarillas hidratantes para pelo seco recuperan la vitalidad de la fibra capilar\u00a0 y la hidratan en profundidad. Adem\u00e1s, fortalecen el cabello y <strong>aumentan su brillo y su flexibilidad<\/strong>.<\/p>\n<p>&nbsp;<\/p>\n<p style=\"text-align: justify;\"><a title=\"Mascarilla hidratante para el pelo\" href=\"https:\/\/www.pravelashop.com\/pravelashop\/5003274\/mascarilla-kativa-repair-intensive-argan-oil-250ml.html\" target=\"_blank\"><img loading=\"lazy\" class=\"aligncenter wp-image-1283 size-full\" src=\"https:\/\/www.pravelashop.com\/blog\/wp-content\/uploads\/2015\/05\/Mascarilla-hidratante-para-pelo-seco-e1432716687602.jpg\" alt=\"Mascarilla hidratante para pelo seco\" width=\"378\" height=\"545\" \/><\/a><\/p>\n<p style=\"text-align: justify;\"><a title=\"Mascarilla hidratante de aceite de arg\u00e1n\" href=\"https:\/\/www.pravelashop.com\/pravelashop\/4600062\/mascarilla-repair-argan-oil---keratin-sergilac-1000ml.html\" target=\"_blank\"><img loading=\"lazy\" class=\"aligncenter wp-image-1285 size-full\" src=\"https:\/\/www.pravelashop.com\/blog\/wp-content\/uploads\/2015\/05\/Mascarillas-hidratantes-para-pelo-seco-y-encrespado.jpg\" alt=\"Mascarillas hidratantes para pelo seco y encrespado\" width=\"378\" height=\"558\" \/><\/a><\/p>\n<p>&nbsp;<\/p>\n<p style=\"text-align: justify;\"><strong>Para las que necesitan una dosis intensiva de hidrataci\u00f3n<\/strong><\/p>\n<p style=\"text-align: justify;\">\u00bfTu pelo se encuentra ya en una situaci\u00f3n de vida o muerte? \u00bfHas perdido la esperanza de recuperar esa melena aterciopelada de la que tanto te enorgullec\u00edas anta\u00f1o? Antes de tirar la toalla definitivamente dale una oportunidad a <a title=\"Mascarilla hidratante para pelo seco\" href=\"https:\/\/www.pravelashop.com\/blog\/2014\/12\/04\/aceite-de-argan-secreto-cuidar-cabello\/\" target=\"_blank\">la mascarilla hidratante Repair Keratin<\/a>. Est\u00e1 formulada para salvar cabellos secos, \u00e1speros, encrespados y deshidratados. Tambi\u00e9n resulta muy adecuado como producto post-tratamientos de Keratin. Por cierto, <strong>no contiene siliconas ni sulfatos<\/strong>, por lo que garantiza la m\u00e1xima protecci\u00f3n de tus fibras capilares.<\/p>\n<p style=\"text-align: justify;\"><a title=\"Mascarilla hidratante para pelo seco y encrespado\" href=\"https:\/\/www.pravelashop.com\/pravelashop\/5207020\/mascarilla-repair-keratin-sergilac-500ml.html\" target=\"_blank\"><img loading=\"lazy\" class=\"aligncenter size-full wp-image-1286\" src=\"https:\/\/www.pravelashop.com\/blog\/wp-content\/uploads\/2015\/05\/Mascarillas-hidratantes-para-pelo-seco.jpg\" alt=\"Mascarillas hidratantes para pelo seco\" width=\"402\" height=\"558\" \/><\/a><\/p>\n<p>&nbsp;<\/p>\n<p style=\"text-align: justify;\">\u00bfC\u00f3mo cuidas tu cabello en verano? \u00bfSueles utilizar mascarillas hidratantes para pelo seco? <strong>\u00a1Cu\u00e9ntanos tus trucos en los comentarios!<\/strong><\/p>\n<p style=\"text-align: center;\">Nuestra Tienda Online \u2014&gt; <a title=\"Tienda online donde comprar productos de peluqueria o keratina\" href=\"https:\/\/www.pravelashop.com\/\" target=\"_blank\">www.pravelashop.com<\/a><\/p>\n","protected":false},"excerpt":{"rendered":"<p>Todos los a\u00f1os te pasa y todos los a\u00f1os te prometes a ti misma que no volver\u00e1 a ocurrir. Pero llega el verano y reincides en tus delitos: no cuidas lo suficiente tu cabello y el exceso de sol, calor, playa y piscina convierten tu sedosa melena en un estropajo seco y sin brillo&#8230; El<\/p>\n","protected":false},"author":1,"featured_media":1293,"comment_status":"open","ping_status":"open","sticky":false,"template":"","format":"standard","meta":[],"categories":[51,2,9,7,5],"tags":[52,16,54,22,47,44,60,49,62],"_links":{"self":[{"href":"https:\/\/www.pravelashop.com\/blog\/wp-json\/wp\/v2\/posts\/1281"}],"collection":[{"href":"https:\/\/www.pravelashop.com\/blog\/wp-json\/wp\/v2\/posts"}],"about":[{"href":"https:\/\/www.pravelashop.com\/blog\/wp-json\/wp\/v2\/types\/post"}],"author":[{"embeddable":true,"href":"https:\/\/www.pravelashop.com\/blog\/wp-json\/wp\/v2\/users\/1"}],"replies":[{"embeddable":true,"href":"https:\/\/www.pravelashop.com\/blog\/wp-json\/wp\/v2\/comments?post=1281"}],"version-history":[{"count":13,"href":"https:\/\/www.pravelashop.com\/blog\/wp-json\/wp\/v2\/posts\/1281\/revisions"}],"predecessor-version":[{"id":1302,"href":"https:\/\/www.pravelashop.com\/blog\/wp-json\/wp\/v2\/posts\/1281\/revisions\/1302"}],"wp:featuredmedia":[{"embeddable":true,"href":"https:\/\/www.pravelashop.com\/blog\/wp-json\/wp\/v2\/media\/1293"}],"wp:attachment":[{"href":"https:\/\/www.pravelashop.com\/blog\/wp-json\/wp\/v2\/media?parent=1281"}],"wp:term":[{"taxonomy":"category","embeddable":true,"href":"https:\/\/www.pravelashop.com\/blog\/wp-json\/wp\/v2\/categories?post=1281"},{"taxonomy":"post_tag","embeddable":true,"href":"https:\/\/www.pravelashop.com\/blog\/wp-json\/wp\/v2\/tags?post=1281"}],"curies":[{"name":"wp","href":"https:\/\/api.w.org\/{rel}","templated":true}]}}