{"id":1535,"date":"2015-07-08T23:23:33","date_gmt":"2015-07-08T22:23:33","guid":{"rendered":"http:\/\/www.pravelashop.com\/blog\/?p=1535"},"modified":"2015-07-09T08:25:19","modified_gmt":"2015-07-09T07:25:19","slug":"raya-en-medio-o-al-lado-segun-tipo-cara","status":"publish","type":"post","link":"https:\/\/www.pravelashop.com\/blog\/2015\/07\/08\/raya-en-medio-o-al-lado-segun-tipo-cara\/","title":{"rendered":"<h2>\u00bfRaya en medio o al lado? \u00a1Elige la que mejor te sienta seg\u00fan tu tipo de cara!<h2>"},"content":{"rendered":"<p>Ella est\u00e1 ah\u00ed, silenciosa, t\u00edmida, es parte cotidiana de tu vida y puede que no repares mucho en ella. Pero la raya del pelo lleva acompa\u00f1\u00e1ndote desde siempre y es hora de que le prestes la atenci\u00f3n que se merece. Y, sobre todo, es necesario que respondas al eterno dilema que se cierne sobre nuestras cabezas: \u00bf<strong>raya en medio o al lado<\/strong>?<\/p>\n<p>No se trata de una cuesti\u00f3n balad\u00ed. Por ejemplo, <strong>la raya al lado dulcifica las facciones<\/strong> y puede quitarte unos cuantos a\u00f1os a\u00f1os de encima en un abrir y cerrar de ojos. En cambio, la raya al medio resulta especialmente favorecedora si la luces con una melena suelta.<\/p>\n<p>Uno de los factores clave a tener en cuenta a la hora de elegir entre raya en medio o al lado, es<strong> la forma de nuestro rostro<\/strong>. Y es que, el uso de una u otra puede suponer un cambio importante en nuestro aspecto. Por este motivo, hemos preparado una peque\u00f1a gu\u00eda para que puedas optar por la raya que mejor te siente.<\/p>\n<h2>Raya en medio o al lado: las mejores opciones seg\u00fan la forma de tu cara<\/h2>\n<p>Si cuentas con un<strong> rostro cuadrado y anguloso<\/strong>, la mejor opci\u00f3n para ti es la raya al lado. Si adem\u00e1s la acompa\u00f1as de un flequillo largo (obviamente ladeado) ver\u00e1s c\u00f3mo tus facciones se suavizan de forma casi milagrosa.<\/p>\n<p><a href=\"https:\/\/www.pravelashop.com\/blog\/wp-content\/uploads\/2015\/07\/Raya-al-lado-con-flequillo.jpg\"><img loading=\"lazy\" class=\"aligncenter size-full wp-image-1541\" src=\"https:\/\/www.pravelashop.com\/blog\/wp-content\/uploads\/2015\/07\/Raya-al-lado-con-flequillo.jpg\" alt=\"Raya al lado con flequillo\" width=\"612\" height=\"594\" \/><\/a><\/p>\n<p>En cambio, <strong>si tu cara es rectangular<\/strong>, la raya en medio es tu mejor aliada. Eso s\u00ed, siempre acompa\u00f1ada de una <a title=\"C\u00f3mo cuidar el pelo largo\" href=\"https:\/\/www.pravelashop.com\/blog\/2015\/07\/02\/como-cuidar-el-pelo-largo-melena-sana-fuerte-brillante\/\" target=\"_blank\">larga cabellera con las puntas capeadas<\/a>.<\/p>\n<p><a href=\"https:\/\/www.pravelashop.com\/blog\/wp-content\/uploads\/2015\/07\/Raya-en-medio-o-al-lado.jpg\"><img loading=\"lazy\" class=\"aligncenter size-full wp-image-1540\" src=\"https:\/\/www.pravelashop.com\/blog\/wp-content\/uploads\/2015\/07\/Raya-en-medio-o-al-lado.jpg\" alt=\"Raya en medio o al lado\" width=\"612\" height=\"594\" \/><\/a><\/p>\n<p>\u00bfTienes la<strong> cara redonda<\/strong>? Entonces puedes emplear la raya en medio o a un lado seg\u00fan te apetezca. Eso s\u00ed, intenta que la raya sea todo lo larga que puedas, de esta forma tu rostro quedar\u00e1 m\u00e1s enmarcado y no parecer\u00e1 tan redondo.<\/p>\n<p><a href=\"https:\/\/www.pravelashop.com\/blog\/wp-content\/uploads\/2015\/07\/Kirsten-Dunst-Cara-redonda.jpg\"><img loading=\"lazy\" class=\"aligncenter size-full wp-image-1539\" src=\"https:\/\/www.pravelashop.com\/blog\/wp-content\/uploads\/2015\/07\/Kirsten-Dunst-Cara-redonda.jpg\" alt=\"Kirsten Dunst Cara redonda\" width=\"599\" height=\"761\" \/><\/a><\/p>\n<p>Las mujeres de <strong>caras ovaladas<\/strong> est\u00e1n de enhorabuena pues tanto la raya en medio como la que se hace a un lado de la melena resultan favorecedoras.<\/p>\n<p><a href=\"https:\/\/www.pravelashop.com\/blog\/wp-content\/uploads\/2015\/07\/Raya-del-pelo-seg\u00fan-tu-cara.jpg\"><img loading=\"lazy\" class=\"aligncenter size-full wp-image-1543\" src=\"https:\/\/www.pravelashop.com\/blog\/wp-content\/uploads\/2015\/07\/Raya-del-pelo-seg\u00fan-tu-cara.jpg\" alt=\"Raya del pelo seg\u00fan tu cara\" width=\"500\" height=\"750\" \/><\/a><\/p>\n<p>Por el contrario, si cuentas con un <strong>rostro en forma de coraz\u00f3n<\/strong>, debes convertirte inmediatamente a la religi\u00f3n de la raya al lado. Pero no vale una rayita t\u00edmidamente desplazada del centro de tu cabeza. No. Si quieres resaltar tus p\u00f3mulos y suavizar tu barbilla debes hacerte la raya muy, muy ladeada: cuanto m\u00e1s cerca de la oreja, mejor.<\/p>\n<p><a href=\"https:\/\/www.pravelashop.com\/blog\/wp-content\/uploads\/2015\/07\/Rostro-con-forma-de-coraz\u00f3n.jpg\"><img loading=\"lazy\" class=\"aligncenter size-full wp-image-1544\" src=\"https:\/\/www.pravelashop.com\/blog\/wp-content\/uploads\/2015\/07\/Rostro-con-forma-de-coraz\u00f3n.jpg\" alt=\"Rostro con forma de coraz\u00f3n\" width=\"612\" height=\"594\" \/><\/a><\/p>\n<p>En cualquier caso, si todav\u00eda no te has decidido por llevar la raya en medio o al lado, lo mejor que puedes hacer es <strong>coger un peine y empezar a probar cu\u00e1l te queda mejor<\/strong>.<\/p>\n<p style=\"text-align: center;\">Nuestras peluquer\u00edas \u2014&gt; <a title=\"Peluquerias en Vecindario, Telde y Las Palmas de Gran Canaria\" href=\"http:\/\/www.pravelapeluqueros.es\/\" target=\"_blank\">www.pravelapeluqueros.es<\/a><\/p>\n<p style=\"text-align: center;\">Nuestra Tienda Online \u2014&gt; <a title=\"Tienda online productos de peluqueria - tinte - keratina - secador - plancha - mascarilla - champu\" href=\"https:\/\/www.pravelashop.com\/\" target=\"_blank\">www.pravelashop.com<\/a><\/p>\n","protected":false},"excerpt":{"rendered":"<p>Ella est\u00e1 ah\u00ed, silenciosa, t\u00edmida, es parte cotidiana de tu vida y puede que no repares mucho en ella. Pero la raya del pelo lleva acompa\u00f1\u00e1ndote desde siempre y es hora de que le prestes la atenci\u00f3n que se merece. Y, sobre todo, es necesario que respondas al eterno dilema que se cierne sobre nuestras<\/p>\n","protected":false},"author":1,"featured_media":1546,"comment_status":"open","ping_status":"open","sticky":false,"template":"","format":"standard","meta":[],"categories":[3,5],"tags":[38,44,41],"_links":{"self":[{"href":"https:\/\/www.pravelashop.com\/blog\/wp-json\/wp\/v2\/posts\/1535"}],"collection":[{"href":"https:\/\/www.pravelashop.com\/blog\/wp-json\/wp\/v2\/posts"}],"about":[{"href":"https:\/\/www.pravelashop.com\/blog\/wp-json\/wp\/v2\/types\/post"}],"author":[{"embeddable":true,"href":"https:\/\/www.pravelashop.com\/blog\/wp-json\/wp\/v2\/users\/1"}],"replies":[{"embeddable":true,"href":"https:\/\/www.pravelashop.com\/blog\/wp-json\/wp\/v2\/comments?post=1535"}],"version-history":[{"count":9,"href":"https:\/\/www.pravelashop.com\/blog\/wp-json\/wp\/v2\/posts\/1535\/revisions"}],"predecessor-version":[{"id":1551,"href":"https:\/\/www.pravelashop.com\/blog\/wp-json\/wp\/v2\/posts\/1535\/revisions\/1551"}],"wp:featuredmedia":[{"embeddable":true,"href":"https:\/\/www.pravelashop.com\/blog\/wp-json\/wp\/v2\/media\/1546"}],"wp:attachment":[{"href":"https:\/\/www.pravelashop.com\/blog\/wp-json\/wp\/v2\/media?parent=1535"}],"wp:term":[{"taxonomy":"category","embeddable":true,"href":"https:\/\/www.pravelashop.com\/blog\/wp-json\/wp\/v2\/categories?post=1535"},{"taxonomy":"post_tag","embeddable":true,"href":"https:\/\/www.pravelashop.com\/blog\/wp-json\/wp\/v2\/tags?post=1535"}],"curies":[{"name":"wp","href":"https:\/\/api.w.org\/{rel}","templated":true}]}}