{"id":1651,"date":"2015-07-28T00:16:20","date_gmt":"2015-07-27T23:16:20","guid":{"rendered":"http:\/\/www.pravelashop.com\/blog\/?p=1651"},"modified":"2015-07-28T00:21:05","modified_gmt":"2015-07-27T23:21:05","slug":"half-up-bun-peinados-faciles-para-verano","status":"publish","type":"post","link":"https:\/\/www.pravelashop.com\/blog\/2015\/07\/28\/half-up-bun-peinados-faciles-para-verano\/","title":{"rendered":"<h2>Descubre por qu\u00e9 el &#8216;half-up bun&#8217; se ha convertido en el rey del verano<h2>"},"content":{"rendered":"<p>C\u00f3modo de hacer, f\u00e1cil de llevar y resistente a todo tipo de aventuras: as\u00ed es el <em>half-up bun<\/em>, nuevo rey de los <a title=\"Peinados f\u00e1ciles para verano\" href=\"https:\/\/www.pravelashop.com\/blog\/2015\/06\/30\/peinados-para-ir-a-la-playa-piscina\/\" target=\"_blank\"><strong>peinados f\u00e1ciles para verano<\/strong> <\/a>y tendencia estrella entre las <em>celebrities <\/em>de Estados Unidos.<br \/>\n&nbsp;<br \/>\n<a href=\"https:\/\/www.pravelashop.com\/blog\/wp-content\/uploads\/2015\/07\/Peinados-f\u00e1ciles-para-verano.jpg\"><img loading=\"lazy\" class=\"aligncenter size-full wp-image-1655\" src=\"https:\/\/www.pravelashop.com\/blog\/wp-content\/uploads\/2015\/07\/Peinados-f\u00e1ciles-para-verano.jpg\" alt=\"Peinados f\u00e1ciles para verano\" width=\"1200\" height=\"800\" \/><\/a><br \/>\n&nbsp;<br \/>\n\u00bfPero qu\u00e9 es exactamente el half-up bun? Pues ni m\u00e1s ni menos que <strong>el semirrecogido con mo\u00f1o de toda la vida<\/strong>, pero renovado. Y es que, este peinado tan t\u00edpico de esos d\u00edas en los que no sabes qu\u00e9 hacer con tu melena se ha puesto de moda entre las famosas de medio mundo, que no se limitan a usarlo para ir a la playa, sino que hasta pisan la alfombra roja con \u00e9l. As\u00ed, por ejemplo Ashley Olsen\u00a0lo luci\u00f3 en la glamurosa\u00a0gala del MET, Dakota Johnson, apareci\u00f3 con \u00e9l en el rodaje de su pel\u00edcula\u00a0<em>How To Be Single<\/em> y\u00a0Jennifer L\u00f3pez\u00a0recurri\u00f3 a \u00e9l en varias apariciones televisivas de las \u00faltimas semanas.<br \/>\n&nbsp;<br \/>\n<a href=\"https:\/\/www.pravelashop.com\/blog\/wp-content\/uploads\/2015\/07\/Peinados-f\u00e1ciles-para-verano-mo\u00f1o.jpg\"><img loading=\"lazy\" class=\"aligncenter size-full wp-image-1652\" src=\"https:\/\/www.pravelashop.com\/blog\/wp-content\/uploads\/2015\/07\/Peinados-f\u00e1ciles-para-verano-mo\u00f1o.jpg\" alt=\"Peinados f\u00e1ciles para verano mo\u00f1o\" width=\"1200\" height=\"800\" \/><\/a> <a href=\"https:\/\/www.pravelashop.com\/blog\/wp-content\/uploads\/2015\/07\/Peinados-f\u00e1ciles-para-verano-half-up-bun.jpg\"><br \/>\n<\/a> <a href=\"https:\/\/www.pravelashop.com\/blog\/wp-content\/uploads\/2015\/07\/Peinados-f\u00e1ciles-para-verano-pelo-largo.jpg\"><br \/>\n<\/a><br \/>\n&nbsp;<\/p>\n<h2>Peinados f\u00e1ciles para verano | El <em>half-up bun<\/em><\/h2>\n<p>&nbsp;<br \/>\nEst\u00e1 claro que el <em>half-up bun<\/em> triunfa entre los peinados f\u00e1ciles para verano. Lo que queremos saber ahora es cu\u00e1les son sus claves. Y precisamente ah\u00ed radica su \u00e9xito: en la ausencia de claves. <strong>Queda bien con cualquier longitud de melena<\/strong>, aunque alcanza su esplendor en las cabelleras m\u00e1s largas. Respecto al mo\u00f1o, aunque se puede llevar bien tirante (en este caso, imprescindible echar mano de <a title=\"Cera para el pelo\" href=\"https:\/\/www.pravelashop.com\/blog\/2015\/02\/26\/como-usar-cera-para-el-pelo\/\" target=\"_blank\">productos de fijaci\u00f3n<\/a>), nosotros preferimos la opci\u00f3n de dejarlo algo suelto. Y es que, un <em>half-up bun<\/em> informal representa la quintaesencia del relax y los c\u00e1lidos d\u00edas de vacaciones. \u00a1Huye de la perfecci\u00f3n!<br \/>\n&nbsp;<br \/>\n<a href=\"https:\/\/www.pravelashop.com\/blog\/wp-content\/uploads\/2015\/07\/Peinados-f\u00e1ciles-para-verano-half-up-bun.jpg\"><img loading=\"lazy\" class=\"aligncenter size-full wp-image-1653\" src=\"https:\/\/www.pravelashop.com\/blog\/wp-content\/uploads\/2015\/07\/Peinados-f\u00e1ciles-para-verano-half-up-bun.jpg\" alt=\"Peinados f\u00e1ciles para verano half-up bun\" width=\"800\" height=\"1200\" \/><\/a><br \/>\n&nbsp;<br \/>\nAdem\u00e1s, dada su versatilidad, se puede adaptar tanto a grandes eventos-por ejemplo, acompa\u00f1ando el mo\u00f1o con alg\u00fan accesorio elegante- como a interminables jornadas playeras \u2013en las que no nos molestar\u00e1n lo mechones delanteros. Adem\u00e1s, es el peinado perfecto para <strong>combinarlo con <a title=\"Ondas surferas imperfectas\" href=\"https:\/\/www.pravelashop.com\/blog\/2015\/06\/04\/como-hacerte-ondas-surferas-paso-a-paso\/\" target=\"_blank\">ondas surferas<\/a><\/strong>: \u00a1no cabe m\u00e1s esp\u00edritu estival en una sola melena!<br \/>\n&nbsp;<br \/>\n<a href=\"https:\/\/www.pravelashop.com\/blog\/wp-content\/uploads\/2015\/07\/Half-up-bun.jpg\"><img loading=\"lazy\" class=\"aligncenter size-full wp-image-1656\" src=\"https:\/\/www.pravelashop.com\/blog\/wp-content\/uploads\/2015\/07\/Half-up-bun.jpg\" alt=\"Half-up bun\" width=\"800\" height=\"1200\" \/><\/a><br \/>\n&nbsp;<br \/>\nPor otra parte, este semirrecogido aporta mucho volumen en la coronilla, por lo que resulta una buena opci\u00f3n para las mujeres que tiene el<strong> cabello muy fino o poca mata de pelo<\/strong>.<br \/>\n&nbsp;<br \/>\n\u00bfSueles recurrir al <em>half-up bun<\/em>? \u00bfQu\u00e9 otros peinados f\u00e1ciles para verano utilizas?<strong> \u00a1Comparte tus trucos en los comentarios!<\/strong><br \/>\n&nbsp;<br \/>\n&nbsp;<\/p>\n<p style=\"text-align: center;\">\u00a0Nuestras peluquer\u00edas \u2014&gt;<a title=\"Cortes de pelo de moda\" href=\"http:\/\/www.pravelapeluqueros.es\/\" target=\"_blank\">\u00a0\u00a0www.pravelapeluqueros.es<\/a><\/p>\n<p style=\"text-align: center;\">Nuestras Tienda Online \u2013&gt; <a title=\"Tienda online peluqueria - tintes, keratina, alisado, tratamientos, etc\" href=\"https:\/\/www.pravelashop.com\/\" target=\"_blank\">www.pravelashop.com<\/a><\/p>\n","protected":false},"excerpt":{"rendered":"<p>C\u00f3modo de hacer, f\u00e1cil de llevar y resistente a todo tipo de aventuras: as\u00ed es el half-up bun, nuevo rey de los peinados f\u00e1ciles para verano y tendencia estrella entre las celebrities de Estados Unidos. &nbsp; &nbsp; \u00bfPero qu\u00e9 es exactamente el half-up bun? Pues ni m\u00e1s ni menos que el semirrecogido con mo\u00f1o de<\/p>\n","protected":false},"author":1,"featured_media":1654,"comment_status":"open","ping_status":"open","sticky":false,"template":"","format":"standard","meta":[],"categories":[87,2,103,108,13,4,3],"tags":[38,42,44,39,82,41,100],"_links":{"self":[{"href":"https:\/\/www.pravelashop.com\/blog\/wp-json\/wp\/v2\/posts\/1651"}],"collection":[{"href":"https:\/\/www.pravelashop.com\/blog\/wp-json\/wp\/v2\/posts"}],"about":[{"href":"https:\/\/www.pravelashop.com\/blog\/wp-json\/wp\/v2\/types\/post"}],"author":[{"embeddable":true,"href":"https:\/\/www.pravelashop.com\/blog\/wp-json\/wp\/v2\/users\/1"}],"replies":[{"embeddable":true,"href":"https:\/\/www.pravelashop.com\/blog\/wp-json\/wp\/v2\/comments?post=1651"}],"version-history":[{"count":9,"href":"https:\/\/www.pravelashop.com\/blog\/wp-json\/wp\/v2\/posts\/1651\/revisions"}],"predecessor-version":[{"id":1665,"href":"https:\/\/www.pravelashop.com\/blog\/wp-json\/wp\/v2\/posts\/1651\/revisions\/1665"}],"wp:featuredmedia":[{"embeddable":true,"href":"https:\/\/www.pravelashop.com\/blog\/wp-json\/wp\/v2\/media\/1654"}],"wp:attachment":[{"href":"https:\/\/www.pravelashop.com\/blog\/wp-json\/wp\/v2\/media?parent=1651"}],"wp:term":[{"taxonomy":"category","embeddable":true,"href":"https:\/\/www.pravelashop.com\/blog\/wp-json\/wp\/v2\/categories?post=1651"},{"taxonomy":"post_tag","embeddable":true,"href":"https:\/\/www.pravelashop.com\/blog\/wp-json\/wp\/v2\/tags?post=1651"}],"curies":[{"name":"wp","href":"https:\/\/api.w.org\/{rel}","templated":true}]}}