{"id":2009,"date":"2015-10-15T00:05:46","date_gmt":"2015-10-14T23:05:46","guid":{"rendered":"http:\/\/www.pravelashop.com\/blog\/?p=2009"},"modified":"2015-10-14T23:47:26","modified_gmt":"2015-10-14T22:47:26","slug":"peinados-para-bad-hair-days","status":"publish","type":"post","link":"https:\/\/www.pravelashop.com\/blog\/2015\/10\/15\/peinados-para-bad-hair-days\/","title":{"rendered":"<h2>Los mejores peinados para sobrevivir a un Bad Hair Day<h2>"},"content":{"rendered":"<p>Quedarse dormida, un exceso de humedad, la ventisca m\u00e1s grandes de todos los tiempos, un cambio hormonal\u2026son mucho los motivos que nos pueden llevar a sufrir un Bad Hair Day, o lo es que es lo mismo, uno de esos d\u00edas en los que nuestro pelo se rebela y decide que nos va hacer la vida imposible. Y da igual lo que intentemos, el encrespamiento y los mechones salvajes se asegurar\u00e1n de que nuestra hermosa cabellera se convierta en un infierno. Por ello, nada mejor que contar con unos cuantos <strong><a title=\"Peinados para Bad Hair Days\" href=\"https:\/\/www.pravelashop.com\/blog\/2015\/03\/05\/elegir-peinado-para-una-entrevista-de-trabajo\/\" target=\"_blank\">peinados para bad hair days<\/a> que nos salven del desastre<\/strong>.<\/p>\n<p>El truco de estos estilismos comod\u00edn reside en que sean peinados<strong> f\u00e1ciles de hacer, c\u00f3modos, aptos para distintos tipos de melenas<\/strong> y todoterrenos. Y si puede ser, que resulten favorecedores, por supuesto. \u00bfMisi\u00f3n imposible? Claro que no<\/p>\n<p>&nbsp;<\/p>\n<h2>5 peinados para bad hair days<\/h2>\n<ul>\n<li><strong>El top-knot<\/strong><\/li>\n<li><a href=\"https:\/\/www.pravelashop.com\/blog\/wp-content\/uploads\/2015\/10\/Peinados-para-bad-hair-days.jpg\"><img loading=\"lazy\" class=\"aligncenter size-full wp-image-2014\" src=\"https:\/\/www.pravelashop.com\/blog\/wp-content\/uploads\/2015\/10\/Peinados-para-bad-hair-days.jpg\" alt=\"Peinados para bad hair days\" width=\"5616\" height=\"3744\" \/><\/a><\/li>\n<\/ul>\n<p><a title=\"Peinados f\u00e1ciles para pelo largo\" href=\"https:\/\/www.pravelashop.com\/blog\/2015\/07\/02\/como-cuidar-el-pelo-largo-melena-sana-fuerte-brillante\/\" target=\"_blank\">Sencill\u00edsimo y perfecto para recoger las melenas m\u00e1s largas<\/a>, el t\u00edpico mo\u00f1o de estar por casa se renueva y explota su lado m\u00e1s estiloso para solucionar d\u00edas complicados. \u00bfLa clave? No dejar la goma demasiado tirante para lograr ese <strong>efecto relajado y casual<\/strong>. Si quieres evitar alg\u00fan pelo rebelde, dale el toque final con un poco de laca. Este recogido a medio camino entre el mo\u00f1o de bailarina y la coleta alta, encuentra su contrapunto ideal en unos labios bien rojos.<\/p>\n<div id=\"attachment_1623\" style=\"width: 1210px\" class=\"wp-caption alignnone\"><img aria-describedby=\"caption-attachment-1623\" loading=\"lazy\" class=\"wp-image-1623 size-full\" src=\"https:\/\/www.pravelashop.com\/blog\/wp-content\/uploads\/2015\/07\/LACA-FUERTE-FIX-STRONG-SERGILAC-1000ML1.jpg\" alt=\"Laca Fix Strong Sergilac 1000ml - envase 1 litro\" width=\"1200\" height=\"819\" \/><\/p>\n<p id=\"caption-attachment-1623\" class=\"wp-caption-text\">Laca Fix Strong Sergilac 1000ml &#8211; envase 1 litro<\/p>\n<\/div>\n<p>&nbsp;<\/p>\n<ul>\n<li><strong>Una coleta de lado<\/strong><\/li>\n<li><a href=\"https:\/\/www.pravelashop.com\/blog\/wp-content\/uploads\/2015\/10\/Coleta-de-lado.jpg\"><img loading=\"lazy\" class=\"aligncenter size-full wp-image-2019\" src=\"https:\/\/www.pravelashop.com\/blog\/wp-content\/uploads\/2015\/10\/Coleta-de-lado.jpg\" alt=\"Coleta de lado\" width=\"500\" height=\"590\" \/><\/a><\/li>\n<\/ul>\n<p>Algo <a title=\"Coletas f\u00e1ciles de hacer\" href=\"https:\/\/www.pravelashop.com\/blog\/2015\/09\/01\/tipos-de-coletas-inspiracion-peinados\/\" target=\"_blank\">tan sencillo y r\u00e1pido de hacer como una coleta<\/a> puede salvarte el d\u00eda.<strong>\u00a0El peinado de nuestra infancia<\/strong> vuelve a la primera plana como soluci\u00f3n salvadora para nuestros d\u00edas m\u00e1s conflictivos. Ll\u00e9vala baja, relajada y en el lado que prefiera. Para darle algo de textura, recuerda ponerte<strong> un poco de espuma<\/strong> (una bolita del tama\u00f1o de una nuez ser\u00e1 suficiente) y peinarla con los dedos.<\/p>\n<ul>\n<li><strong>La trenza todopoderosa<\/strong><\/li>\n<li>\n<div id=\"attachment_2018\" style=\"width: 604px\" class=\"wp-caption aligncenter\"><a href=\"https:\/\/www.pravelashop.com\/blog\/wp-content\/uploads\/2015\/10\/Trenzas-peinados-para-Bad-Hair-Days.jpg\"><img aria-describedby=\"caption-attachment-2018\" loading=\"lazy\" class=\"wp-image-2018 size-full\" src=\"https:\/\/www.pravelashop.com\/blog\/wp-content\/uploads\/2015\/10\/Trenzas-peinados-para-Bad-Hair-Days-e1444861136536.jpg\" alt=\"Instabraid\/Instagram\" width=\"594\" height=\"594\" srcset=\"https:\/\/www.pravelashop.com\/blog\/wp-content\/uploads\/2015\/10\/Trenzas-peinados-para-Bad-Hair-Days-e1444861136536.jpg 594w, https:\/\/www.pravelashop.com\/blog\/wp-content\/uploads\/2015\/10\/Trenzas-peinados-para-Bad-Hair-Days-e1444861136536-150x150.jpg 150w\" sizes=\"(max-width: 594px) 100vw, 594px\" \/><\/a><\/p>\n<p id=\"caption-attachment-2018\" class=\"wp-caption-text\">Instabraid\/Instagram<\/p>\n<\/div>\n<\/li>\n<\/ul>\n<p>Cuando el cabello se vuelve loco, nada mejor que trenzarlo para que quede bajo control. Ideales para melenas largas y frondosas,<a title=\"TRENZAS F\u00c1CILES DE HACER\" href=\"https:\/\/www.pravelashop.com\/blog\/2015\/04\/07\/espiga-griegas-tipos-de-trenzas-pravela\/\" target=\"_blank\"> las trenzas son los peinados para <em>bad hair days<\/em> por excelencia<\/a>. Si dejas los mechones muy prietos conseguir\u00e1s un look deportivo y, si optas por dejarlos m\u00e1s suaves, el efecto ser\u00e1 <strong>una trenza rom\u00e1ntica y buc\u00f3lica<\/strong>. Acomp\u00e1\u00f1alo de una diadema o alguna horquilla vistosa para hacerla m\u00e1s especial.<\/p>\n<ul>\n<li><strong>Tirar de pasador<\/strong><\/li>\n<li>\n<div id=\"attachment_2016\" style=\"width: 468px\" class=\"wp-caption aligncenter\"><a href=\"http:\/\/www.luciabe.com\/accesorios\/183-lazo-vichy-azul.html\"><img aria-describedby=\"caption-attachment-2016\" loading=\"lazy\" class=\"wp-image-2016 size-full\" src=\"https:\/\/www.pravelashop.com\/blog\/wp-content\/uploads\/2015\/10\/lazo-vichy-azul.jpg\" alt=\"lazo-vichy-azul\" width=\"458\" height=\"458\" srcset=\"https:\/\/www.pravelashop.com\/blog\/wp-content\/uploads\/2015\/10\/lazo-vichy-azul.jpg 458w, https:\/\/www.pravelashop.com\/blog\/wp-content\/uploads\/2015\/10\/lazo-vichy-azul-150x150.jpg 150w\" sizes=\"(max-width: 458px) 100vw, 458px\" \/><\/a><\/p>\n<p id=\"caption-attachment-2016\" class=\"wp-caption-text\">Pasador Luc\u00eda Be<\/p>\n<\/div>\n<\/li>\n<\/ul>\n<p>En casos desesperados una goma de pelo no es suficiente. Para esos instantes, nada mejor que echar mano de un pasador de pelo que convierta un peinado cualquiera en un recogido coqueto. <strong>Los hay de todos los tipos: con lazos, con flores, met\u00e1licos, \u00e9tnicos\u2026<\/strong>Puedes usarlo para acompa\u00f1ar una coleta baja o un mo\u00f1o alto.<\/p>\n<p>&nbsp;<\/p>\n<ul>\n<li><strong>El<\/strong><strong>\u00a0<\/strong><em style=\"font-weight: inherit;\"><strong>half up bun<\/strong><\/em><\/li>\n<li><a href=\"https:\/\/www.pravelashop.com\/blog\/wp-content\/uploads\/2015\/10\/Half-up-bun-peinados-para-Bad-Hair-Days.jpg\"><img loading=\"lazy\" class=\"aligncenter size-full wp-image-2015\" src=\"https:\/\/www.pravelashop.com\/blog\/wp-content\/uploads\/2015\/10\/Half-up-bun-peinados-para-Bad-Hair-Days.jpg\" alt=\"Half up bun peinados para Bad Hair Days\" width=\"640\" height=\"559\" \/><\/a><\/li>\n<\/ul>\n<p>Como ya dijimos hace unas semanas,<a title=\"Half up bun peinados para Bad Hair Days\" href=\"https:\/\/www.pravelashop.com\/blog\/2015\/07\/28\/half-up-bun-peinados-faciles-para-verano\/\" target=\"_blank\"> el <em>half up bun<\/em> es el peinado de la temporada<\/a>. Un semirrecogido que deja <strong>la parte inferior de la melena suelta y corona la parte superior con un mo\u00f1ito<\/strong>. Seguro que t\u00fa tambi\u00e9n te la has hecho alguna vez en casa. Resulta especialmente favorecedor si llevas una media melena, tan de moda en la actualidad. Eso s\u00ed, recuerda dejar el mo\u00f1o algo deshecho para que quede m\u00e1s espont\u00e1neo.<\/p>\n<p>&nbsp;<\/p>\n<p><strong>\u00a0\u00bfHay d\u00edas en los que tu pelo te declara la guerra? \u00bfCu\u00e1les son tus peinados para Bad Hair Days?<\/strong><\/p>\n<p style=\"text-align: center;\">Tienda Online: \u00a0<a title=\"Tienda online productos de peluqueria\" href=\"https:\/\/www.pravelashop.com\/\" target=\"_blank\">www.pravelashop.com<\/a><\/p>\n<p style=\"text-align: center;\">Nuestras peluquer\u00edas:\u00a0<a title=\"Peluquerias en Vecindario, Telde y Las Palmas de Gran Canaria\" href=\"http:\/\/www.pravelapeluqueros.es\/\" target=\"_blank\">www.pravelapeluqueros.es<\/a><\/p>\n<p>&nbsp;<\/p>\n","protected":false},"excerpt":{"rendered":"<p>Quedarse dormida, un exceso de humedad, la ventisca m\u00e1s grandes de todos los tiempos, un cambio hormonal\u2026son mucho los motivos que nos pueden llevar a sufrir un Bad Hair Day, o lo es que es lo mismo, uno de esos d\u00edas en los que nuestro pelo se rebela y decide que nos va hacer la<\/p>\n","protected":false},"author":1,"featured_media":2021,"comment_status":"open","ping_status":"open","sticky":false,"template":"","format":"standard","meta":[],"categories":[2,103,108,13,5],"tags":[43,19,60,82,83,41],"_links":{"self":[{"href":"https:\/\/www.pravelashop.com\/blog\/wp-json\/wp\/v2\/posts\/2009"}],"collection":[{"href":"https:\/\/www.pravelashop.com\/blog\/wp-json\/wp\/v2\/posts"}],"about":[{"href":"https:\/\/www.pravelashop.com\/blog\/wp-json\/wp\/v2\/types\/post"}],"author":[{"embeddable":true,"href":"https:\/\/www.pravelashop.com\/blog\/wp-json\/wp\/v2\/users\/1"}],"replies":[{"embeddable":true,"href":"https:\/\/www.pravelashop.com\/blog\/wp-json\/wp\/v2\/comments?post=2009"}],"version-history":[{"count":7,"href":"https:\/\/www.pravelashop.com\/blog\/wp-json\/wp\/v2\/posts\/2009\/revisions"}],"predecessor-version":[{"id":2024,"href":"https:\/\/www.pravelashop.com\/blog\/wp-json\/wp\/v2\/posts\/2009\/revisions\/2024"}],"wp:featuredmedia":[{"embeddable":true,"href":"https:\/\/www.pravelashop.com\/blog\/wp-json\/wp\/v2\/media\/2021"}],"wp:attachment":[{"href":"https:\/\/www.pravelashop.com\/blog\/wp-json\/wp\/v2\/media?parent=2009"}],"wp:term":[{"taxonomy":"category","embeddable":true,"href":"https:\/\/www.pravelashop.com\/blog\/wp-json\/wp\/v2\/categories?post=2009"},{"taxonomy":"post_tag","embeddable":true,"href":"https:\/\/www.pravelashop.com\/blog\/wp-json\/wp\/v2\/tags?post=2009"}],"curies":[{"name":"wp","href":"https:\/\/api.w.org\/{rel}","templated":true}]}}