{"id":2240,"date":"2015-12-03T01:48:48","date_gmt":"2015-12-03T00:48:48","guid":{"rendered":"http:\/\/www.pravelashop.com\/blog\/?p=2240"},"modified":"2015-12-03T01:49:36","modified_gmt":"2015-12-03T00:49:36","slug":"que-color-de-pelo-me-queda-mejor","status":"publish","type":"post","link":"https:\/\/www.pravelashop.com\/blog\/2015\/12\/03\/que-color-de-pelo-me-queda-mejor\/","title":{"rendered":"<h2>\u00bfQu\u00e9 color de pelo me queda mejor?<h2>"},"content":{"rendered":"<p>Lo tienes claro, est\u00e1s cansada de tu tono natural y quieres te\u00f1irte. Sin embargo, esta decisi\u00f3n es solamente el principio. Ahora viene lo complicado de verdad: escoger el tinte adecuado. Y es que, todas las mujeres que fantaseamos en alguna ocasi\u00f3n con <strong>cambiar nuestro look<\/strong>, nos enfrentamos siempre al gran interrogante:<strong> \u00bfqu\u00e9 color de pelo me queda mejor?<\/strong><\/p>\n<p><a href=\"https:\/\/www.pravelashop.com\/blog\/wp-content\/uploads\/2015\/12\/qu\u00e9-color-de-pelo-me-queda-mejor-si-tengo-la-piel-blanca.jpg\"><img loading=\"lazy\" class=\"aligncenter size-full wp-image-2246\" src=\"https:\/\/www.pravelashop.com\/blog\/wp-content\/uploads\/2015\/12\/qu\u00e9-color-de-pelo-me-queda-mejor-si-tengo-la-piel-blanca.jpg\" alt=\"qu\u00e9 color de pelo me queda mejor si tengo la piel blanca\" width=\"960\" height=\"960\" srcset=\"https:\/\/www.pravelashop.com\/blog\/wp-content\/uploads\/2015\/12\/qu\u00e9-color-de-pelo-me-queda-mejor-si-tengo-la-piel-blanca.jpg 960w, https:\/\/www.pravelashop.com\/blog\/wp-content\/uploads\/2015\/12\/qu\u00e9-color-de-pelo-me-queda-mejor-si-tengo-la-piel-blanca-150x150.jpg 150w\" sizes=\"(max-width: 960px) 100vw, 960px\" \/><\/a><\/p>\n<p><strong>Rubio platino, casta\u00f1o avellana, cereza, negro azulado<\/strong>\u2026 Son tantos los tintes disponibles y tantas las combinaciones posibles que cualquiera puede perderse en el laberinto de matices y tonos. Y es que, saber qu\u00e9 color de pelo me queda mejor no es tarea sencilla. Por ello, hemos preparado unas cuantas directrices b\u00e1sicas con las que es imposible no acertar.<\/p>\n<h2>Gu\u00eda para saber qu\u00e9 color de pelo me queda mejor<\/h2>\n<p>A lo hora de elegir el tono perfecto hay que tener en cuenta <strong>dos elementos fundamentales: nuestros ojos y nuestro tono de piel<\/strong>. De esta forma, lograremos un estilismo natural y favorecedor.<\/p>\n<p><a href=\"https:\/\/www.pravelashop.com\/blog\/wp-content\/uploads\/2015\/12\/C\u00f3mo-saber-qu\u00e9-color-de-pelo-me-queda-mejor.jpg\"><img loading=\"lazy\" class=\"aligncenter size-full wp-image-2244\" src=\"https:\/\/www.pravelashop.com\/blog\/wp-content\/uploads\/2015\/12\/C\u00f3mo-saber-qu\u00e9-color-de-pelo-me-queda-mejor.jpg\" alt=\"C\u00f3mo saber qu\u00e9 color de pelo me queda mejor\" width=\"960\" height=\"960\" srcset=\"https:\/\/www.pravelashop.com\/blog\/wp-content\/uploads\/2015\/12\/C\u00f3mo-saber-qu\u00e9-color-de-pelo-me-queda-mejor.jpg 960w, https:\/\/www.pravelashop.com\/blog\/wp-content\/uploads\/2015\/12\/C\u00f3mo-saber-qu\u00e9-color-de-pelo-me-queda-mejor-150x150.jpg 150w\" sizes=\"(max-width: 960px) 100vw, 960px\" \/><\/a><\/p>\n<p><strong>Seg\u00fan el color de los\u00a0ojos:<\/strong><\/p>\n<p>&nbsp;<\/p>\n<p>&nbsp;<\/p>\n<ul>\n<li><strong>Ojos marrones o caramelo<\/strong><\/li>\n<\/ul>\n<p>Acompa\u00f1a el color de tus ojos con tintes de tonos casta\u00f1os. <strong>Los chocolate y los avellana son tus mejores opciones.<\/strong> Para a\u00f1adir un toque de luz, complementa tu melena con unas mechas algo m\u00e1s claras que la base de tu melena. \u00bfY qu\u00e9 tal apostar por las mechas californianas o las balayage?<\/p>\n<p><a href=\"https:\/\/www.pravelashop.com\/pravelashop\/4598441\/tinte-keratina-sergilac-colores-marron---chocolate.html\" target=\"_blank\"><img loading=\"lazy\" class=\"aligncenter wp-image-1941 size-full\" src=\"https:\/\/www.pravelashop.com\/blog\/wp-content\/uploads\/2015\/09\/Tinte-color-chocolate.jpg\" alt=\"Tinte color chocolate\" width=\"390\" height=\"495\" \/><\/a><\/p>\n<ul>\n<li><strong>Ojos azules<\/strong><\/li>\n<\/ul>\n<p>Las mujeres con ojos azules pueden optar por dos v\u00edas: dulcificar o endurecer. As\u00ed, si buscas suavizar tus rasgos, lo mejor es que te decantes por un<strong> tinte rubio con reflejos dorados<\/strong>. El resultado ser\u00e1 un look cl\u00e1sico y muy femenino.<\/p>\n<p><a href=\"https:\/\/www.pravelashop.com\/blog\/wp-content\/uploads\/2015\/12\/Tinte-negro-azulado.jpg\"><br \/>\n<\/a> <a href=\"https:\/\/www.pravelashop.com\/pravelashop\/5003865\/tinte-shining-chroma-9-3-rubio-muy-claro-dorado.html\" target=\"_blank\"><img loading=\"lazy\" class=\"aligncenter wp-image-2250 size-full\" src=\"https:\/\/www.pravelashop.com\/blog\/wp-content\/uploads\/2015\/12\/rubio-dorado.jpg\" alt=\"rubio dorado\" width=\"597\" height=\"537\" \/><\/a><\/p>\n<p>En cambio, si prefieres crear un estilismo m\u00e1s \u201cfelino\u201d y basado en los contrastes, no lo dudes y l\u00e1nzate a los <strong>tonos oscuros e intensos<\/strong>. De esta forma, lograr\u00e1s potenciar el azul de tus ojos y marcar tus facciones.<\/p>\n<p><a href=\"https:\/\/www.pravelashop.com\/blog\/wp-content\/uploads\/2015\/12\/Tinte-negro-azulado.jpg\"><img loading=\"lazy\" class=\"aligncenter wp-image-2249 size-full\" src=\"https:\/\/www.pravelashop.com\/blog\/wp-content\/uploads\/2015\/12\/Tinte-negro-azulado-e1449102363480.jpg\" alt=\"Tinte negro azulado\" width=\"597\" height=\"532\" \/><\/a><\/p>\n<ul>\n<li><strong>Ojos negros<\/strong><\/li>\n<\/ul>\n<p>Si buscas un look natural y tus ojos son negros, tu cabello debe ser de <strong>un tono lo m\u00e1s oscuro posible<\/strong>. Conf\u00eda en los negros o los marrones oscuros para jugar sobre seguro. Eso s\u00ed, has de tener en cuenta que este tipo de colores endurecen las facciones, por lo que deber\u00e1s combinarlo con un maquillaje suave y un corte que no marque demasiado los rasgos.<\/p>\n<p><a href=\"https:\/\/www.pravelashop.com\/pravelashop\/5003738\/tinte-shining-chroma-4-00-castano-intenso.html\" target=\"_blank\"><img loading=\"lazy\" class=\"aligncenter wp-image-2251 size-full\" src=\"https:\/\/www.pravelashop.com\/blog\/wp-content\/uploads\/2015\/12\/Tinte-casta\u00f1o-oscuro-e1449103482668.jpg\" alt=\"Tinte casta\u00f1o oscuro\" width=\"597\" height=\"532\" \/><\/a><\/p>\n<ul>\n<li><strong>Ojos verdes:<\/strong><\/li>\n<\/ul>\n<p>Si eres una chica de ojos verdes, <strong>los rubios ceniza y los casta\u00f1os claros<\/strong> son los tonos que est\u00e1s buscando. La combinaci\u00f3n de colores en tu mirada y tu cabello suavizar\u00e1 tus facciones y te dar\u00e1 un aspecto dulce y delicado.<\/p>\n<p><a href=\"https:\/\/www.pravelashop.com\/pravelashop\/4598830\/tinte-keratina-sergilac-colores-cenizas.html\" target=\"_blank\"><img loading=\"lazy\" class=\"aligncenter wp-image-2252 size-full\" src=\"https:\/\/www.pravelashop.com\/blog\/wp-content\/uploads\/2015\/12\/Rubio-ceniza-e1449103539754.jpg\" alt=\"Rubio ceniza\" width=\"398\" height=\"555\" \/><\/a><\/p>\n<p>&nbsp;<\/p>\n<p><strong>Seg\u00fan tu tono de piel<\/strong><\/p>\n<p><img loading=\"lazy\" class=\"aligncenter size-full wp-image-2245\" src=\"https:\/\/www.pravelashop.com\/blog\/wp-content\/uploads\/2015\/12\/qu\u00e9-color-de-pelo-me-queda-mejor-si-soy-morena.jpg\" alt=\"qu\u00e9 color de pelo me queda mejor si soy morena\" width=\"959\" height=\"960\" srcset=\"https:\/\/www.pravelashop.com\/blog\/wp-content\/uploads\/2015\/12\/qu\u00e9-color-de-pelo-me-queda-mejor-si-soy-morena.jpg 959w, https:\/\/www.pravelashop.com\/blog\/wp-content\/uploads\/2015\/12\/qu\u00e9-color-de-pelo-me-queda-mejor-si-soy-morena-150x150.jpg 150w\" sizes=\"(max-width: 959px) 100vw, 959px\" \/><\/p>\n<ul>\n<li><strong>Piel clara<\/strong><\/li>\n<\/ul>\n<p>Si tu tono de piel es m\u00e1s n\u00edveo que bronceado, lo tuyo son los <strong>rubios claros, los dorados, los casta\u00f1os cobrizos y los rojizos<\/strong>. Huye de los tonos m\u00e1s oscuros, te har\u00edan parecer demasiado p\u00e1lida.<\/p>\n<p><a href=\"https:\/\/www.pravelashop.com\/pravelashop\/5003820\/tinte-shining-chroma-6-4-rubio-oscuro-cobrizo.html\" target=\"_blank\"><img loading=\"lazy\" class=\"aligncenter wp-image-2253 size-full\" src=\"https:\/\/www.pravelashop.com\/blog\/wp-content\/uploads\/2015\/12\/Tinte-cobrizo.jpg\" alt=\"Tinte cobrizo\" width=\"579\" height=\"540\" \/><\/a><\/p>\n<ul>\n<li><strong>Piel oscura:<\/strong><\/li>\n<\/ul>\n<p>Si eres morena (o est\u00e1s muy bronceada) te sentar\u00e1n genial <strong>tanto los tonos caobas como los marrones muy oscuros o los negros<\/strong>. A\u00f1ade mechas o reflejos en tonos m\u00e1s claros para dulcificar tus facciones y aportar equilibrio en la melena.<\/p>\n<p><a href=\"https:\/\/www.pravelashop.com\/pravelashop\/5003844\/tinte-shining-chroma-7-55-rubio-caoba-intenso.html\" target=\"_blank\"><img loading=\"lazy\" class=\"aligncenter wp-image-2254 size-full\" src=\"https:\/\/www.pravelashop.com\/blog\/wp-content\/uploads\/2015\/12\/Tinte-color-caoba.jpg\" alt=\"Tinte color caoba\" width=\"579\" height=\"540\" \/><\/a><\/p>\n<p>Ya sabes, la pr\u00f3ximas vez que te encuentres a ti misma pregunt\u00e1ndote frente al espejo \u201c\u00bfQu\u00e9 color de pelo me queda mejor?\u201d solamente tienes que <strong>seguir las instrucciones de este post<\/strong>.<\/p>\n<p>&nbsp;<\/p>\n<p><img loading=\"lazy\" class=\"aligncenter size-full wp-image-2247\" src=\"https:\/\/www.pravelashop.com\/blog\/wp-content\/uploads\/2015\/12\/QU\u00c9-COLOR-DE-PELO-ME-QUEDA-MEJOR.jpg\" alt=\"QU\u00c9 COLOR DE PELO ME QUEDA MEJOR\" width=\"960\" height=\"960\" srcset=\"https:\/\/www.pravelashop.com\/blog\/wp-content\/uploads\/2015\/12\/QU\u00c9-COLOR-DE-PELO-ME-QUEDA-MEJOR.jpg 960w, https:\/\/www.pravelashop.com\/blog\/wp-content\/uploads\/2015\/12\/QU\u00c9-COLOR-DE-PELO-ME-QUEDA-MEJOR-150x150.jpg 150w\" sizes=\"(max-width: 960px) 100vw, 960px\" \/><\/p>\n<p style=\"text-align: center;\">Nuestras peluquer\u00edas \u2014&gt; <a title=\"Peluquerias en Vecindario, Telde y Las Palmas de Gran Canaria\" href=\"http:\/\/www.pravelapeluqueros.es\/\" target=\"_blank\">www.pravelapeluqueros.es<\/a><\/p>\n<p style=\"text-align: center;\">Nuestra Tienda Online \u2014&gt; <a title=\"Tienda online productos de peluqueria - tinte - keratina - secador - plancha - mascarilla - champu\" href=\"https:\/\/www.pravelashop.com\/\" target=\"_blank\">www.pravelashop.com<\/a><\/p>\n","protected":false},"excerpt":{"rendered":"<p>Lo tienes claro, est\u00e1s cansada de tu tono natural y quieres te\u00f1irte. Sin embargo, esta decisi\u00f3n es solamente el principio. Ahora viene lo complicado de verdad: escoger el tinte adecuado. Y es que, todas las mujeres que fantaseamos en alguna ocasi\u00f3n con cambiar nuestro look, nos enfrentamos siempre al gran interrogante: \u00bfqu\u00e9 color de pelo<\/p>\n","protected":false},"author":1,"featured_media":2258,"comment_status":"open","ping_status":"open","sticky":false,"template":"","format":"standard","meta":[],"categories":[12,2,4,8],"tags":[15,25,76],"_links":{"self":[{"href":"https:\/\/www.pravelashop.com\/blog\/wp-json\/wp\/v2\/posts\/2240"}],"collection":[{"href":"https:\/\/www.pravelashop.com\/blog\/wp-json\/wp\/v2\/posts"}],"about":[{"href":"https:\/\/www.pravelashop.com\/blog\/wp-json\/wp\/v2\/types\/post"}],"author":[{"embeddable":true,"href":"https:\/\/www.pravelashop.com\/blog\/wp-json\/wp\/v2\/users\/1"}],"replies":[{"embeddable":true,"href":"https:\/\/www.pravelashop.com\/blog\/wp-json\/wp\/v2\/comments?post=2240"}],"version-history":[{"count":9,"href":"https:\/\/www.pravelashop.com\/blog\/wp-json\/wp\/v2\/posts\/2240\/revisions"}],"predecessor-version":[{"id":2261,"href":"https:\/\/www.pravelashop.com\/blog\/wp-json\/wp\/v2\/posts\/2240\/revisions\/2261"}],"wp:featuredmedia":[{"embeddable":true,"href":"https:\/\/www.pravelashop.com\/blog\/wp-json\/wp\/v2\/media\/2258"}],"wp:attachment":[{"href":"https:\/\/www.pravelashop.com\/blog\/wp-json\/wp\/v2\/media?parent=2240"}],"wp:term":[{"taxonomy":"category","embeddable":true,"href":"https:\/\/www.pravelashop.com\/blog\/wp-json\/wp\/v2\/categories?post=2240"},{"taxonomy":"post_tag","embeddable":true,"href":"https:\/\/www.pravelashop.com\/blog\/wp-json\/wp\/v2\/tags?post=2240"}],"curies":[{"name":"wp","href":"https:\/\/api.w.org\/{rel}","templated":true}]}}