{"id":2298,"date":"2015-12-14T20:34:19","date_gmt":"2015-12-14T19:34:19","guid":{"rendered":"http:\/\/www.pravelashop.com\/blog\/?p=2298"},"modified":"2015-12-15T00:30:40","modified_gmt":"2015-12-14T23:30:40","slug":"trucos-para-rejuvenecer-el-pelo","status":"publish","type":"post","link":"https:\/\/www.pravelashop.com\/blog\/2015\/12\/14\/trucos-para-rejuvenecer-el-pelo\/","title":{"rendered":"<h2>Lo mejores trucos para rejuvenecer el pelo<h2>"},"content":{"rendered":"<p>Existen tres se\u00f1ales inequ\u00edvocas de que tu anta\u00f1o briosa melena est\u00e1 perdiendo su juventud: la aparici\u00f3n de canas, la p\u00e9rdida de volumen (ya que el cabello pierde su capacidad de hidrataci\u00f3n y se vuelve m\u00e1s fino) y el aumento. No podemos luchar contra el tiempo, pero lo que s\u00ed podemos hacer es poner en marcha algunos <strong>trucos para rejuvenecer el pelo<\/strong>.<\/p>\n<p>No son soluciones m\u00e1gicas ni remedios infalibles y, hasta que alguien encuentre el elixir de la eterna juventud, tanto t\u00fa como tu cabello seguir\u00e9is envejeciendo (es el precio de seguir\u00e1 vivas). Sin embargo, en estos momentos en los que <strong>tu cabello est\u00e1 m\u00e1s d\u00e9bil y vulnerable<\/strong> siempre va bien echarle una mano. Estos trucos para rejuvenecer el cabello tambi\u00e9n resultan muy \u00fatiles para combatir los efectos de la contaminaci\u00f3n o el exceso de sol y viento.<\/p>\n<p>&nbsp;<\/p>\n<p>&nbsp;<\/p>\n<h2><\/h2>\n<h2>Los mejores trucos para rejuvenecer el pelo<\/h2>\n<p><strong>-El champ\u00fa<\/strong><\/p>\n<p>Elige siempre uno espec\u00edfico para cubrir las necesidades de tu cabello. Si lo que m\u00e1s te preocupa es la p\u00e9rdida de pelo, opta por uno <a href=\"https:\/\/www.pravelashop.com\/pravelashop\/4600003\/champu-anticaida-regenarative-sergilac-250ml.html\" target=\"_blank\">antica\u00edda<\/a>. Si, por el contrario, tu mayor problema es la falta de hidrataci\u00f3n, dec\u00e1ntate por <strong>un champ\u00fa rico en keratina<\/strong>. Con ambas opciones lograr\u00e1s reforzar la fibra de tu cabello y devolverle parte de la vida perdida. Lava tu cabello al menos tres veces a la semana y masaj\u00e9alo despacio de ra\u00edz a puntas.<\/p>\n<p><a href=\"https:\/\/www.pravelashop.com\/pravelashop\/5139127\/champu-bmt-bio-keratin-300ml--tratamiento-alisado-keratina.html\"><img loading=\"lazy\" class=\"aligncenter wp-image-1308 size-full\" src=\"https:\/\/www.pravelashop.com\/blog\/wp-content\/uploads\/2015\/06\/Champ\u00fa-sin-sulfatos-e1433194190733.jpg\" alt=\"Champ\u00fa sin sulfatos\" width=\"410\" height=\"607\" \/><\/a><\/p>\n<p><strong>-La mascarilla<\/strong><\/p>\n<p>Entre los trucos para rejuvenecer el pelo no puede faltar una buena mascarilla hidratante. Adem\u00e1s de<strong> suavizar tu pelo<\/strong> y darle ese deseado toque aterciopelado te ayudar\u00e1 a mantener su densidad.<\/p>\n<p><a href=\"https:\/\/www.pravelashop.com\/pravelashop\/4600062\/mascarilla-repair-argan-oil---keratin-sergilac-1000ml.html\" target=\"_blank\"><img loading=\"lazy\" class=\"aligncenter wp-image-1285 size-full\" src=\"https:\/\/www.pravelashop.com\/blog\/wp-content\/uploads\/2015\/05\/Mascarillas-hidratantes-para-pelo-seco-y-encrespado.jpg\" alt=\"Mascarillas hidratantes para pelo seco y encrespado\" width=\"378\" height=\"558\" \/><\/a><\/p>\n<p><strong>-El tinte<\/strong><\/p>\n<p>Aunque parezca mentira, <strong>encontrar el color adecuado de cabell<\/strong>o es uno de los trucos para rejuvenecer el cabello m\u00e1s sencillos y divertidos. D\u00e9jate aconsejar por tu peluquera de confianza para elegir el tono que mejor te vaya y no tengas miedo de probar distintas gamas crom\u00e1ticas. Eso s\u00ed, elige siempre tintes suaves, de buena calidad y con poco porcentaje de amoniaco.<\/p>\n<p><a href=\"https:\/\/www.pravelashop.com\/pravelashop\/c282568\/sergilac.html\" target=\"_blank\"><img loading=\"lazy\" class=\"aligncenter wp-image-986 size-full\" src=\"https:\/\/www.pravelashop.com\/blog\/wp-content\/uploads\/2015\/04\/Carta_de_Color_Chroma_TINTE-SHINING-CHROMA.jpg\" alt=\"Carta_de_Color_Chroma_TINTE-SHINING-CHROMA\" width=\"768\" height=\"768\" srcset=\"https:\/\/www.pravelashop.com\/blog\/wp-content\/uploads\/2015\/04\/Carta_de_Color_Chroma_TINTE-SHINING-CHROMA.jpg 768w, https:\/\/www.pravelashop.com\/blog\/wp-content\/uploads\/2015\/04\/Carta_de_Color_Chroma_TINTE-SHINING-CHROMA-150x150.jpg 150w\" sizes=\"(max-width: 768px) 100vw, 768px\" \/><\/a><\/p>\n<p>&#8211;<strong>El peinado<\/strong><\/p>\n<p>Si quieres darle a tu melena un aspecto m\u00e1s voluminoso y exuberante a\u00f1ade un toque final de laca o usa un poco de espuma. Adem\u00e1s, procura usar secadores y planchas que cuiden tu cabello y no lo resequen demasiado. A la hora de cepillarlo, <strong>huye de los tirones<\/strong> como la peste: tu cabello est\u00e1 sensible y necesita mimos.<\/p>\n<p><a href=\"https:\/\/www.pravelashop.com\/pravelashop\/5313515\/plancha-profesional-ancha-a6-magnun-negra.html\" target=\"_blank\"><img loading=\"lazy\" class=\"aligncenter wp-image-2302 size-full\" src=\"https:\/\/www.pravelashop.com\/blog\/wp-content\/uploads\/2015\/12\/Plancha-de-pelo.jpg\" alt=\"Plancha de pelo\" width=\"406\" height=\"564\" \/><\/a><\/p>\n<p><strong>-La dieta<\/strong><\/p>\n<p>Uno de los trucos para rejuvenecer el pelo es cuidar tu alimentaci\u00f3n. Por ello, debes asegurarte de que dieta incluye de forma habitual<strong> vitamina A, B y D<\/strong>. De esta forma conseguir\u00e1 que tu cabello siga creciendo fuerte, brillante e hidratado.<\/p>\n<p><strong>\u00a0<a href=\"https:\/\/www.pravelashop.com\/blog\/wp-content\/uploads\/2015\/12\/Trucos-para-rejuvenecer-el-pelo.jpg\"><img loading=\"lazy\" class=\"aligncenter size-full wp-image-2303\" src=\"https:\/\/www.pravelashop.com\/blog\/wp-content\/uploads\/2015\/12\/Trucos-para-rejuvenecer-el-pelo.jpg\" alt=\"Trucos para rejuvenecer el pelo\" width=\"1375\" height=\"675\" \/><\/a><\/strong><\/p>\n<p>\u00bfQu\u00e9 otros <strong>trucos para rejuvenecer el pelo<\/strong> conoces?<\/p>\n<p>&nbsp;<\/p>\n<p>Nuestras peluquer\u00edas \u2014&gt; <a title=\"Peluquerias en Vecindario, Telde y Las Palmas de Gran Canaria\" href=\"http:\/\/www.pravelapeluqueros.es\/\" target=\"_blank\">www.pravelapeluqueros.es<\/a><\/p>\n<p>Nuestra Tienda Online \u2014&gt; <a title=\"Tienda online productos de peluqueria - tinte - keratina - secador - plancha - mascarilla - champu\" href=\"https:\/\/www.pravelashop.com\/\" target=\"_blank\">www.pravelashop.com<\/a><\/p>\n","protected":false},"excerpt":{"rendered":"<p>Existen tres se\u00f1ales inequ\u00edvocas de que tu anta\u00f1o briosa melena est\u00e1 perdiendo su juventud: la aparici\u00f3n de canas, la p\u00e9rdida de volumen (ya que el cabello pierde su capacidad de hidrataci\u00f3n y se vuelve m\u00e1s fino) y el aumento. No podemos luchar contra el tiempo, pero lo que s\u00ed podemos hacer es poner en marcha<\/p>\n","protected":false},"author":1,"featured_media":2304,"comment_status":"open","ping_status":"open","sticky":false,"template":"","format":"standard","meta":[],"categories":[101,70,2,108,9,14,50,8,7,5],"tags":[48,16,54,22,47,94,25,76,41],"_links":{"self":[{"href":"https:\/\/www.pravelashop.com\/blog\/wp-json\/wp\/v2\/posts\/2298"}],"collection":[{"href":"https:\/\/www.pravelashop.com\/blog\/wp-json\/wp\/v2\/posts"}],"about":[{"href":"https:\/\/www.pravelashop.com\/blog\/wp-json\/wp\/v2\/types\/post"}],"author":[{"embeddable":true,"href":"https:\/\/www.pravelashop.com\/blog\/wp-json\/wp\/v2\/users\/1"}],"replies":[{"embeddable":true,"href":"https:\/\/www.pravelashop.com\/blog\/wp-json\/wp\/v2\/comments?post=2298"}],"version-history":[{"count":13,"href":"https:\/\/www.pravelashop.com\/blog\/wp-json\/wp\/v2\/posts\/2298\/revisions"}],"predecessor-version":[{"id":2314,"href":"https:\/\/www.pravelashop.com\/blog\/wp-json\/wp\/v2\/posts\/2298\/revisions\/2314"}],"wp:featuredmedia":[{"embeddable":true,"href":"https:\/\/www.pravelashop.com\/blog\/wp-json\/wp\/v2\/media\/2304"}],"wp:attachment":[{"href":"https:\/\/www.pravelashop.com\/blog\/wp-json\/wp\/v2\/media?parent=2298"}],"wp:term":[{"taxonomy":"category","embeddable":true,"href":"https:\/\/www.pravelashop.com\/blog\/wp-json\/wp\/v2\/categories?post=2298"},{"taxonomy":"post_tag","embeddable":true,"href":"https:\/\/www.pravelashop.com\/blog\/wp-json\/wp\/v2\/tags?post=2298"}],"curies":[{"name":"wp","href":"https:\/\/api.w.org\/{rel}","templated":true}]}}