{"id":2430,"date":"2016-01-14T01:05:21","date_gmt":"2016-01-14T00:05:21","guid":{"rendered":"http:\/\/www.pravelashop.com\/blog\/?p=2430"},"modified":"2016-01-13T20:38:11","modified_gmt":"2016-01-13T19:38:11","slug":"alerta-tendencias-se-lleva-la-coleta-baja-y-lisa","status":"publish","type":"post","link":"https:\/\/www.pravelashop.com\/blog\/2016\/01\/14\/alerta-tendencias-se-lleva-la-coleta-baja-y-lisa\/","title":{"rendered":"<h2>Alerta tendencias: se lleva la coleta baja y lisa<h2>"},"content":{"rendered":"<p>Hace unos meses ya comentamos que <a href=\"https:\/\/www.pravelashop.com\/blog\/2015\/09\/01\/tipos-de-coletas-inspiracion-peinados\/\" target=\"_blank\">la coleta ser\u00eda el peinado de moda <\/a>durante la temporada oto\u00f1o-invierno. Sin embargo, ahora las pasarelas van m\u00e1s all\u00e1 y se decantan por una modalidad concreta de este socorrido recogido: <strong><a href=\"https:\/\/www.pravelashop.com\/blog\/2016\/01\/06\/los-errores-mas-comunes-con-el-pelo-que-todas-cometemos\/\" target=\"_blank\">se lleva la coleta baja<\/a>, lisa y atada con una cinta<\/strong>. Al menos, eso proponen <strong>firmas como Dior, Chanel, Prada o Loewe<\/strong>.<\/p>\n<p><a href=\"https:\/\/www.pravelashop.com\/blog\/wp-content\/uploads\/2016\/01\/Coleta-baja-y-lisa.jpg\"><img loading=\"lazy\" class=\"aligncenter size-full wp-image-2434\" src=\"https:\/\/www.pravelashop.com\/blog\/wp-content\/uploads\/2016\/01\/Coleta-baja-y-lisa.jpg\" alt=\"Coleta baja y lisa\" width=\"466\" height=\"632\" \/><\/a><\/p>\n<p>&nbsp;<\/p>\n<h2>La coleta baja: manual de instrucciones<\/h2>\n<p>&nbsp;<\/p>\n<p>La coleta triunfa en su modalidad m\u00e1s l\u00e1nguida, como de damisela buc\u00f3lica que pasea por el prado. <strong>Se trata de un peinado muy sencillo<\/strong> de hacer pero para el que es imprescindible contar una melena media o larga y con un cabello lo m\u00e1s liso posible.<\/p>\n<p><a href=\"https:\/\/www.pravelashop.com\/blog\/wp-content\/uploads\/2016\/01\/Se-lleva-la-coleta-baja-y-lisa.jpg\"><img loading=\"lazy\" class=\"aligncenter size-full wp-image-2437\" src=\"https:\/\/www.pravelashop.com\/blog\/wp-content\/uploads\/2016\/01\/Se-lleva-la-coleta-baja-y-lisa.jpg\" alt=\"Se lleva la coleta baja y lisa\" width=\"466\" height=\"632\" \/><\/a><\/p>\n<p>Adem\u00e1s, si queremos conseguir un efecto depurado y sobrio, <strong>es imprescindible eliminar el encrespamiento<\/strong> de nuestro cabello. Plancha y acondicionador: ah\u00ed est\u00e1 la aut\u00e9ntica diferencia entre una coleta baja elegante y el t\u00edpico recogido que nos hacemos para estar por casa.<\/p>\n<p><a href=\"https:\/\/www.pravelashop.com\/pravelashop\/5313515\/plancha-profesional-ancha-a6-magnun-negra.html\" target=\"_blank\"><img loading=\"lazy\" class=\"aligncenter wp-image-2441 size-full\" src=\"https:\/\/www.pravelashop.com\/blog\/wp-content\/uploads\/2016\/01\/Plancha-para-el-pelo.jpg\" alt=\"Plancha para el pelo\" width=\"448\" height=\"578\" \/><\/a><\/p>\n<p>&nbsp;<\/p>\n<p>&nbsp;<\/p>\n<p><a href=\"https:\/\/www.pravelashop.com\/pravelashop\/4600063\/conditioner-herbal-balsam-sergilac-1000ml.html\" target=\"_blank\"><img loading=\"lazy\" class=\"aligncenter wp-image-2440 size-full\" src=\"https:\/\/www.pravelashop.com\/blog\/wp-content\/uploads\/2016\/01\/Acondicionador.jpg\" alt=\"Acondicionador\" width=\"368\" height=\"578\" \/><\/a><\/p>\n<p>La coleta baja perfecta exige ser <a href=\"https:\/\/www.pravelashop.com\/blog\/2015\/11\/24\/como-llevar-lazo-en-el-pelo\/\" target=\"_blank\">atada con una cinta de raso o terciopelo <\/a>que le otorgue el toque de clasicismo y delicadeza definitivo, aunque si solamente tienes a mano una goma el\u00e1stica negra, tambi\u00e9n sirve. Eso s\u00ed, <strong>nada de adornos extravagantes<\/strong>: menos es m\u00e1s.<\/p>\n<p><a href=\"https:\/\/www.pravelashop.com\/blog\/wp-content\/uploads\/2016\/01\/Coleta-baja-lisa.jpg\"><img loading=\"lazy\" class=\"aligncenter size-full wp-image-2433\" src=\"https:\/\/www.pravelashop.com\/blog\/wp-content\/uploads\/2016\/01\/Coleta-baja-lisa.jpg\" alt=\"Coleta baja lisa\" width=\"448\" height=\"578\" \/><\/a><\/p>\n<p>En la parte delantera, la coleta baja se lleva algo suelta, de forma que enmarca el rosco. \u00a1Nada de tiranteces en el cuero cabelludo! La cosa va de suavidad. \u00bfLa raya? Siempre en medio. Y si no has sucumbido a la tentaci\u00f3n de dejarte flequillo, mucho mejor, ya que la coleta baja de esta temporada alcanza su perfecci\u00f3n<strong> con la frente despejada<\/strong>.<\/p>\n<p><a href=\"https:\/\/www.pravelashop.com\/blog\/wp-content\/uploads\/2016\/01\/Se-lleva-la-coleta-baja.jpg\"><img loading=\"lazy\" class=\"aligncenter size-full wp-image-2438\" src=\"https:\/\/www.pravelashop.com\/blog\/wp-content\/uploads\/2016\/01\/Se-lleva-la-coleta-baja.jpg\" alt=\"Se lleva la coleta baja\" width=\"448\" height=\"578\" \/><\/a><\/p>\n<p><strong>\u00bfQu\u00e9 opinas de la coleta baja<\/strong> como peinado de moda: una opci\u00f3n sencilla para ir a la \u00faltima o un recogido demasiado soso y simple?<\/p>\n<p>&nbsp;<\/p>\n<p><a href=\"https:\/\/www.pravelashop.com\/blog\/wp-content\/uploads\/2016\/01\/Coleta-baja.jpg\"><img loading=\"lazy\" class=\"aligncenter size-full wp-image-2436\" src=\"https:\/\/www.pravelashop.com\/blog\/wp-content\/uploads\/2016\/01\/Coleta-baja.jpg\" alt=\"Coleta baja\" width=\"466\" height=\"632\" \/><\/a><\/p>\n<p style=\"text-align: center;\">Nuestras peluquer\u00edas \u2014&gt; <a title=\"Peluquerias en Vecindario, Telde y Las Palmas de Gran Canaria\" href=\"http:\/\/www.pravelapeluqueros.es\/\" target=\"_blank\">www.pravelapeluqueros.es<\/a><\/p>\n<p style=\"text-align: center;\">Nuestra Tienda Online \u2014&gt; <a title=\"Tienda online productos de peluqueria - tinte - keratina - secador - plancha - mascarilla - champu\" href=\"https:\/\/www.pravelashop.com\/\" target=\"_blank\">www.pravelashop.com<\/a><\/p>\n","protected":false},"excerpt":{"rendered":"<p>Hace unos meses ya comentamos que la coleta ser\u00eda el peinado de moda durante la temporada oto\u00f1o-invierno. Sin embargo, ahora las pasarelas van m\u00e1s all\u00e1 y se decantan por una modalidad concreta de este socorrido recogido: se lleva la coleta baja, lisa y atada con una cinta. Al menos, eso proponen firmas como Dior, Chanel,<\/p>\n","protected":false},"author":1,"featured_media":2447,"comment_status":"open","ping_status":"open","sticky":false,"template":"","format":"standard","meta":[],"categories":[10,2,14,13,3],"tags":[111,123,58,57,82,124],"_links":{"self":[{"href":"https:\/\/www.pravelashop.com\/blog\/wp-json\/wp\/v2\/posts\/2430"}],"collection":[{"href":"https:\/\/www.pravelashop.com\/blog\/wp-json\/wp\/v2\/posts"}],"about":[{"href":"https:\/\/www.pravelashop.com\/blog\/wp-json\/wp\/v2\/types\/post"}],"author":[{"embeddable":true,"href":"https:\/\/www.pravelashop.com\/blog\/wp-json\/wp\/v2\/users\/1"}],"replies":[{"embeddable":true,"href":"https:\/\/www.pravelashop.com\/blog\/wp-json\/wp\/v2\/comments?post=2430"}],"version-history":[{"count":7,"href":"https:\/\/www.pravelashop.com\/blog\/wp-json\/wp\/v2\/posts\/2430\/revisions"}],"predecessor-version":[{"id":2446,"href":"https:\/\/www.pravelashop.com\/blog\/wp-json\/wp\/v2\/posts\/2430\/revisions\/2446"}],"wp:featuredmedia":[{"embeddable":true,"href":"https:\/\/www.pravelashop.com\/blog\/wp-json\/wp\/v2\/media\/2447"}],"wp:attachment":[{"href":"https:\/\/www.pravelashop.com\/blog\/wp-json\/wp\/v2\/media?parent=2430"}],"wp:term":[{"taxonomy":"category","embeddable":true,"href":"https:\/\/www.pravelashop.com\/blog\/wp-json\/wp\/v2\/categories?post=2430"},{"taxonomy":"post_tag","embeddable":true,"href":"https:\/\/www.pravelashop.com\/blog\/wp-json\/wp\/v2\/tags?post=2430"}],"curies":[{"name":"wp","href":"https:\/\/api.w.org\/{rel}","templated":true}]}}