{"id":2460,"date":"2016-01-21T01:34:19","date_gmt":"2016-01-21T00:34:19","guid":{"rendered":"http:\/\/www.pravelashop.com\/blog\/?p=2460"},"modified":"2016-01-20T16:35:04","modified_gmt":"2016-01-20T15:35:04","slug":"pelo-rapado-la-tendencia-mas-salvaje-para-2016","status":"publish","type":"post","link":"https:\/\/www.pravelashop.com\/blog\/2016\/01\/21\/pelo-rapado-la-tendencia-mas-salvaje-para-2016\/","title":{"rendered":"<h2>Pelo rapado: la tendencia m\u00e1s salvaje para 2016<h2>"},"content":{"rendered":"<p>Llevamos pocos d\u00edas de 2016 pero sin duda ya podemos se\u00f1alar <strong>una de las tendencias m\u00e1s extremas que llegar\u00e1 este a\u00f1o: <a href=\"https:\/\/www.pravelashop.com\/blog\/2015\/05\/20\/cortes-de-pelo-para-parecer-mas-joven\/\" target=\"_blank\">el pelo rapado<\/a><\/strong>. No estamos hablando de un corte de pelo pixie o a lo gar\u00e7on como en temporadas anteriores sino de un cambio de look mucho m\u00e1s salvaje. Y es que, el pelo rapado o <em>buzz cut<\/em> implica un fuerte componente de empoderamiento y liberaci\u00f3n personal.<\/p>\n<p><a href=\"https:\/\/www.pravelashop.com\/blog\/wp-content\/uploads\/2016\/01\/Pelo-rapado-para-mujer.jpg\"><img loading=\"lazy\" class=\"aligncenter size-full wp-image-2465\" src=\"https:\/\/www.pravelashop.com\/blog\/wp-content\/uploads\/2016\/01\/Pelo-rapado-para-mujer.jpg\" alt=\"Pelo rapado para mujer\" width=\"1000\" height=\"1200\" \/><\/a><\/p>\n<p>Las pioneras en atreverse con el pelo rapado han sido <strong>un grupo de modelos de pasarela<\/strong>\u00a0y, como ya sabemos, todo lo que se ve en los desfiles acaba col\u00e1ndose poco a poco en la moda del d\u00eda a d\u00eda. As\u00ed, no te extra\u00f1es si dentro de unos meses comienzas a ver por la calle a mujeres con la cabeza completamente despejada.<\/p>\n<h2>C\u00f3mo llevar el pelo rapado<\/h2>\n<p><a href=\"https:\/\/www.pravelashop.com\/blog\/wp-content\/uploads\/2016\/01\/As\u00ed-se-lleva-el-pelo-rapado.jpg\"><img loading=\"lazy\" class=\"aligncenter size-full wp-image-2464\" src=\"https:\/\/www.pravelashop.com\/blog\/wp-content\/uploads\/2016\/01\/As\u00ed-se-lleva-el-pelo-rapado.jpg\" alt=\"As\u00ed se lleva el pelo rapado\" width=\"475\" height=\"570\" \/><\/a><\/p>\n<p>Sin embargo, aunque parezca un corte poco agradecido y dif\u00edcil de llevar, no es as\u00ed. De hecho, el pelo rapado puede resultar muy sexy y favorecedor si se cuenta con las facciones adecuadas. En concreto, deber\u00edas atreverte a raparte la melena <strong>si tu rostro tiene forma de coraz\u00f3n, es ancho u ovalado<\/strong>. Adem\u00e1s, resulta perfecto si tu objetivo es estilizar cara y cuello.<\/p>\n<p><a href=\"https:\/\/www.pravelashop.com\/blog\/wp-content\/uploads\/2016\/01\/pelo-rapado-mujer.jpg\"><img loading=\"lazy\" class=\"aligncenter size-full wp-image-2463\" src=\"https:\/\/www.pravelashop.com\/blog\/wp-content\/uploads\/2016\/01\/pelo-rapado-mujer.jpg\" alt=\"pelo rapado mujer\" width=\"424\" height=\"424\" srcset=\"https:\/\/www.pravelashop.com\/blog\/wp-content\/uploads\/2016\/01\/pelo-rapado-mujer.jpg 424w, https:\/\/www.pravelashop.com\/blog\/wp-content\/uploads\/2016\/01\/pelo-rapado-mujer-150x150.jpg 150w\" sizes=\"(max-width: 424px) 100vw, 424px\" \/><\/a><\/p>\n<p>El truco est\u00e1 en jugar un poco con la longitud de los peque\u00f1\u00edsimos mechones. As\u00ed, por ejemplo, para rostros en forma de coraz\u00f3n, es recomendable <strong>dejar la parte frontal un poquito m\u00e1s larga para lograr mayor equilibrio<\/strong>.<\/p>\n<p>Por el contrario, los rostros anchos deber\u00e1n buscar <strong>m\u00e1s volumen en la zona de la coronilla<\/strong>. \u00bfTus facciones son ovaladas? Entonces est\u00e1s de enhorabuena, el pelo rapado en cualquiera de sus versiones te sentar\u00e1 genial.<\/p>\n<p><a href=\"https:\/\/www.pravelashop.com\/blog\/wp-content\/uploads\/2016\/01\/Pelo-rapado-platino.jpg\"><img loading=\"lazy\" class=\"aligncenter size-full wp-image-2462\" src=\"https:\/\/www.pravelashop.com\/blog\/wp-content\/uploads\/2016\/01\/Pelo-rapado-platino.jpg\" alt=\"Pelo rapado platino\" width=\"1000\" height=\"1200\" \/><\/a><\/p>\n<p>Respecto al color, prueba con <strong><a href=\"https:\/\/www.pravelashop.com\/blog\/2015\/04\/21\/como-cuidar-el-rubio-platino\/\" target=\"_blank\">tonos platino<\/a>\u00a0para conseguir un efecto mucho m\u00e1s luminoso<\/strong> y suavizar el efecto final del corte. De todas formas, si todav\u00eda no tienes claro si te quedar\u00e1 bien el pelo corto, siempre puedes probar el truco que explicamos <a href=\"https:\/\/www.pravelashop.com\/blog\/2015\/07\/22\/como-saber-si-el-pelo-corto-te-queda-bien\/\" target=\"_blank\">aqu\u00ed<\/a>.<\/p>\n<p style=\"text-align: center;\">Nuestras peluquer\u00edas \u2014&gt; <a title=\"Peluquerias en Vecindario, Telde y Las Palmas de Gran Canaria\" href=\"http:\/\/www.pravelapeluqueros.es\/\" target=\"_blank\">www.pravelapeluqueros.es<\/a><\/p>\n<p style=\"text-align: center;\">Nuestra Tienda Online \u2014&gt; <a title=\"Tienda online productos de peluqueria - tinte - keratina - secador - plancha - mascarilla - champu\" href=\"https:\/\/www.pravelashop.com\/\" target=\"_blank\">www.pravelashop.com<\/a><\/p>\n<p>&nbsp;<\/p>\n","protected":false},"excerpt":{"rendered":"<p>Llevamos pocos d\u00edas de 2016 pero sin duda ya podemos se\u00f1alar una de las tendencias m\u00e1s extremas que llegar\u00e1 este a\u00f1o: el pelo rapado. No estamos hablando de un corte de pelo pixie o a lo gar\u00e7on como en temporadas anteriores sino de un cambio de look mucho m\u00e1s salvaje. Y es que, el pelo<\/p>\n","protected":false},"author":1,"featured_media":2461,"comment_status":"open","ping_status":"open","sticky":false,"template":"","format":"standard","meta":[],"categories":[11,4,3],"tags":[63,39,126,25,76],"_links":{"self":[{"href":"https:\/\/www.pravelashop.com\/blog\/wp-json\/wp\/v2\/posts\/2460"}],"collection":[{"href":"https:\/\/www.pravelashop.com\/blog\/wp-json\/wp\/v2\/posts"}],"about":[{"href":"https:\/\/www.pravelashop.com\/blog\/wp-json\/wp\/v2\/types\/post"}],"author":[{"embeddable":true,"href":"https:\/\/www.pravelashop.com\/blog\/wp-json\/wp\/v2\/users\/1"}],"replies":[{"embeddable":true,"href":"https:\/\/www.pravelashop.com\/blog\/wp-json\/wp\/v2\/comments?post=2460"}],"version-history":[{"count":5,"href":"https:\/\/www.pravelashop.com\/blog\/wp-json\/wp\/v2\/posts\/2460\/revisions"}],"predecessor-version":[{"id":2470,"href":"https:\/\/www.pravelashop.com\/blog\/wp-json\/wp\/v2\/posts\/2460\/revisions\/2470"}],"wp:featuredmedia":[{"embeddable":true,"href":"https:\/\/www.pravelashop.com\/blog\/wp-json\/wp\/v2\/media\/2461"}],"wp:attachment":[{"href":"https:\/\/www.pravelashop.com\/blog\/wp-json\/wp\/v2\/media?parent=2460"}],"wp:term":[{"taxonomy":"category","embeddable":true,"href":"https:\/\/www.pravelashop.com\/blog\/wp-json\/wp\/v2\/categories?post=2460"},{"taxonomy":"post_tag","embeddable":true,"href":"https:\/\/www.pravelashop.com\/blog\/wp-json\/wp\/v2\/tags?post=2460"}],"curies":[{"name":"wp","href":"https:\/\/api.w.org\/{rel}","templated":true}]}}