{"id":2523,"date":"2016-02-04T01:01:07","date_gmt":"2016-02-04T00:01:07","guid":{"rendered":"http:\/\/www.pravelashop.com\/blog\/?p=2523"},"modified":"2021-05-18T18:59:29","modified_gmt":"2021-05-18T17:59:29","slug":"aun-no-has-probado-el-tinte-con-keratina-y-aceite-de-argan-conoce-todas-sus-ventajas","status":"publish","type":"post","link":"https:\/\/www.pravelashop.com\/blog\/2016\/02\/04\/aun-no-has-probado-el-tinte-con-keratina-y-aceite-de-argan-conoce-todas-sus-ventajas\/","title":{"rendered":"<h2>\u00bfA\u00fan no has probado el tinte con keratina y aceite de arg\u00e1n? \u00a1Conoce todas sus ventajas!<h2>"},"content":{"rendered":"<p>Una de los grandes prejuicios en el mundo de la peluquer\u00eda es que el tinte reseca y aporta un tacto aspero. Sin embargo, lo cierto es que todo depende del producto que elijas.\u00a0 Claro, si te lanzas a tintes malos y repletos de amoniaco, tu melena probablemente acabe como un estropajo usado. En cambio, si optas por un <strong><a href=\"https:\/\/www.pravelashop.com\/pravelashop\/c303193\/tinte-sergilac-120ml.html\" target=\"_blank\" rel=\"noopener\">tinte profesional con keratina y aceite de arg\u00e1n<\/a><\/strong>, no solamente proteger\u00e1s tu cabello, sino que adem\u00e1s le proporcionar\u00e1s una <strong>dosis extra de brillo y suavidad<\/strong>. Como en tantas otras cosas en la vida, la calidad aqu\u00ed tambi\u00e9n importa.<\/p>\n<p><a href=\"https:\/\/www.pravelashop.com\/pravelashop\/c303193\/tinte-sergilac-120ml.html\"><img loading=\"lazy\" class=\"aligncenter wp-image-2528\" src=\"https:\/\/www.pravelashop.com\/blog\/wp-content\/uploads\/2016\/02\/TINTE-CON-KERATINA-ARGAN-SERGILAC-PELUQUERIA-PRAVELA-2.jpg\" alt=\"The Color by Sergilac en Pravela Peluqueros\" width=\"800\" height=\"600\" \/><\/a><\/p>\n<h2><\/h2>\n<h2>Tinte con keratina y arg\u00e1n: las claves<\/h2>\n<p>Una de los puntos esenciales del tinte con keratina es que al penetrar en el interior de la fibra capilar <strong>ayuda a reestructurar la cut\u00edcula<\/strong>, aumenta su resistencia y logra una cabellera con mucho m\u00e1s cuerpo y elasticidad. Adem\u00e1s, ayuda a reducir el encrespamiento sin modificar la onda o el rizo.<\/p>\n<p>Eso s\u00ed, debes tener en cuenta que el tinte con keratina <strong>no es un <a href=\"https:\/\/www.pravelashop.com\/blog\/2015\/03\/26\/las-dudas-mas-frecuentes-sobre-los-tratamientos-de-keratina-para-el-pelo\/\" target=\"_blank\" rel=\"noopener\">tratamiento de keratina<\/a><\/strong> en s\u00ed, sino una forma de colorear tu cabello con el m\u00e1ximo mimo. Si lo que realmente deseas es alisar tu pelo o reducir el volumen de los rizos, puedes ver tus deseos hechos realidad haciendo clic <strong><a href=\"https:\/\/www.pravelashop.com\/blog\/2015\/06\/15\/razones-tratamientos-de-keratina\/\" target=\"_blank\" rel=\"noopener\">AQU\u00cd<\/a><\/strong>.<\/p>\n<p><a href=\"https:\/\/www.pravelashop.com\/pravelashop\/c303193\/tinte-sergilac-120ml.html\"><img loading=\"lazy\" class=\"aligncenter wp-image-2526\" src=\"https:\/\/www.pravelashop.com\/blog\/wp-content\/uploads\/2016\/02\/TINTE-CON-KERATINA-ARGAN-SERGILAC-PELUQUERIA-PRAVELA-4.jpg\" alt=\"The Color by Sergilac en Pravela Peluqueros\" width=\"800\" height=\"600\" \/><\/a><\/p>\n<p>Adem\u00e1s el tinte con keratina incopora como compa\u00f1ero indispensable de aventuras al <a href=\"https:\/\/www.pravelashop.com\/blog\/2014\/12\/04\/aceite-de-argan-secreto-cuidar-cabello\/\" target=\"_blank\" rel=\"noopener\">aceite de arg\u00e1n<\/a>, <strong>un ingrediente tradicional en la cultura bereber<\/strong> que eliminar\u00e1 el tacto \u00e1spero que a menudo adquiere el pelo te\u00f1ido. Gracias a sus propiedades suavizantes, el arg\u00e1n <strong>sella las cut\u00edculas y logra que el color se conserve mejor por m\u00e1s tiempo<\/strong>. Si las tribus del desierto llevan miles de a\u00f1os utiliz\u00e1ndolo, por algo ser\u00e1, \u00bfno?<\/p>\n<p><a href=\"https:\/\/www.pravelashop.com\/pravelashop\/c303193\/tinte-sergilac-120ml.html\"><img loading=\"lazy\" class=\"aligncenter wp-image-2524\" src=\"https:\/\/www.pravelashop.com\/blog\/wp-content\/uploads\/2016\/02\/TINTE-CON-KERATINA-ARGAN-SERGILAC-PELUQUERIA-PRAVELA-6.jpg\" alt=\"The Color by Sergilac en Pravela Peluqueros\" width=\"800\" height=\"600\" \/><\/a><\/p>\n<p>Lo sabemos: si eres una habitual del mundo de los tintes probablemente te est\u00e9s diciendo a ti misma, \u201ctodo esto est\u00e1 muy bien pero, \u00bfy el amoniaco?\u201d. Efectivamente, este qu\u00edmico representa la gran pesadilla del cabello te\u00f1ido, pues es uno de los factores que m\u00e1s <strong>contribuye a secar el cabello.<\/strong><\/p>\n<p><a href=\"https:\/\/www.pravelashop.com\/pravelashop\/c303193\/tinte-sergilac-120ml.html\"><img loading=\"lazy\" class=\"aligncenter wp-image-2527\" src=\"https:\/\/www.pravelashop.com\/blog\/wp-content\/uploads\/2016\/02\/TINTE-CON-KERATINA-ARGAN-SERGILAC-PELUQUERIA-PRAVELA-3.jpg\" alt=\"Tinte The Color by Sergilac en Pravela Peluqueros\" width=\"800\" height=\"600\" \/><\/a><\/p>\n<p>Sin embargo, <strong><a href=\"https:\/\/www.pravelapeluqueros.es\/servicios-de-peluqueria\/tinte-coloracion-con-keratina\" target=\"_blank\" rel=\"noopener\">el tinte con keratina y arg\u00e1n de Sergilac<\/a><\/strong> -una marca puntera en el desarrollo de coloraciones que encontrar\u00e1s en las peluquer\u00edas de <span style=\"color: #ff00ff;\"><a href=\"https:\/\/www.pravelapeluqueros.es\" target=\"_blank\" rel=\"noopener\">Pravela<\/a><\/span>&#8211; tambi\u00e9n es imbatible en este aspecto, pues cuenta con menos del 1,8% de amoniaco (en general el porcentaje de este elemento se sit\u00faa entre un 4% y un 6%). Por supuesto, al ser un <strong>tinte bajo en amoniaco<\/strong> se evita la aparici\u00f3n de picores y irritaci\u00f3n en cuero cabelludo. Adem\u00e1s, es la mejor forma de garantizar que nuestro cabello no se volver\u00e1 \u00e1spero y perder\u00e1 vida y luz.<\/p>\n<p>Y la pregunta del mill\u00f3n&#8230; \u00bfcubrir\u00e1 mis canas? Siiii!! los tintes de <a href=\"https:\/\/www.pravelashop.com\/pravelashop\/c303193\/tinte-sergilac-120ml.html\" target=\"_blank\" rel=\"noopener\">Sergilac<\/a> tienen una\u00a0cobertura del 100%<\/p>\n<p><a href=\"https:\/\/www.pravelashop.com\/pravelashop\/c303193\/tinte-sergilac-120ml.html\"><img loading=\"lazy\" class=\"aligncenter wp-image-2525\" src=\"https:\/\/www.pravelashop.com\/blog\/wp-content\/uploads\/2016\/02\/TINTE-CON-KERATINA-ARGAN-SERGILAC-PELUQUERIA-PRAVELA-7.jpg\" alt=\"Tinte The Color by Sergilac en Pravela Peluqueros\" width=\"800\" height=\"1067\" \/><\/a><\/p>\n<p>Y es que, por muchos a\u00f1os que lleves ti\u00f1\u00e9ndote el pelo, si no has probado el tinte con keratina y arg\u00e1n de Sergilac, no sabes lo que te est\u00e1s perdiendo. Hazle un favor a tu pobre cabellera y<strong> pide cita ya mismo en tu peluquer\u00eda Pravela m\u00e1s cercana<\/strong>. \u00a1A lo mejor t\u00fa puedes esperar, pero tu melena no!<\/p>\n<p style=\"text-align: center;\">Nuestras peluquer\u00edas \u2014&gt; <a title=\"Peluquerias en Vecindario, Telde y Las Palmas de Gran Canaria\" href=\"http:\/\/www.pravelapeluqueros.es\/\" target=\"_blank\" rel=\"noopener\">www.pravelapeluqueros.es<\/a><\/p>\n<p style=\"text-align: center;\">Nuestra Tienda Online \u2014&gt; <a title=\"Tienda online productos de peluqueria - tinte - keratina - secador - plancha - mascarilla - champu\" href=\"https:\/\/www.pravelashop.com\/\" target=\"_blank\" rel=\"noopener\">www.pravelashop.com<\/a><\/p>\n","protected":false},"excerpt":{"rendered":"<p>Una de los grandes prejuicios en el mundo de la peluquer\u00eda es que el tinte reseca y aporta un tacto aspero. Sin embargo, lo cierto es que todo depende del producto que elijas.\u00a0 Claro, si te lanzas a tintes malos y repletos de amoniaco, tu melena probablemente acabe como un estropajo usado. En cambio, si<\/p>\n","protected":false},"author":1,"featured_media":2529,"comment_status":"open","ping_status":"open","sticky":false,"template":"","format":"standard","meta":[],"categories":[51,12,2,4,8],"tags":[52,26,15,22,25,76],"_links":{"self":[{"href":"https:\/\/www.pravelashop.com\/blog\/wp-json\/wp\/v2\/posts\/2523"}],"collection":[{"href":"https:\/\/www.pravelashop.com\/blog\/wp-json\/wp\/v2\/posts"}],"about":[{"href":"https:\/\/www.pravelashop.com\/blog\/wp-json\/wp\/v2\/types\/post"}],"author":[{"embeddable":true,"href":"https:\/\/www.pravelashop.com\/blog\/wp-json\/wp\/v2\/users\/1"}],"replies":[{"embeddable":true,"href":"https:\/\/www.pravelashop.com\/blog\/wp-json\/wp\/v2\/comments?post=2523"}],"version-history":[{"count":10,"href":"https:\/\/www.pravelashop.com\/blog\/wp-json\/wp\/v2\/posts\/2523\/revisions"}],"predecessor-version":[{"id":5060,"href":"https:\/\/www.pravelashop.com\/blog\/wp-json\/wp\/v2\/posts\/2523\/revisions\/5060"}],"wp:featuredmedia":[{"embeddable":true,"href":"https:\/\/www.pravelashop.com\/blog\/wp-json\/wp\/v2\/media\/2529"}],"wp:attachment":[{"href":"https:\/\/www.pravelashop.com\/blog\/wp-json\/wp\/v2\/media?parent=2523"}],"wp:term":[{"taxonomy":"category","embeddable":true,"href":"https:\/\/www.pravelashop.com\/blog\/wp-json\/wp\/v2\/categories?post=2523"},{"taxonomy":"post_tag","embeddable":true,"href":"https:\/\/www.pravelashop.com\/blog\/wp-json\/wp\/v2\/tags?post=2523"}],"curies":[{"name":"wp","href":"https:\/\/api.w.org\/{rel}","templated":true}]}}