{"id":2578,"date":"2016-02-18T02:20:49","date_gmt":"2016-02-18T01:20:49","guid":{"rendered":"http:\/\/www.pravelashop.com\/blog\/?p=2578"},"modified":"2016-06-29T00:25:50","modified_gmt":"2016-06-28T23:25:50","slug":"todo-sobre-el-nuevo-corte-de-pelo-de-taylor-swift","status":"publish","type":"post","link":"https:\/\/www.pravelashop.com\/blog\/2016\/02\/18\/todo-sobre-el-nuevo-corte-de-pelo-de-taylor-swift\/","title":{"rendered":"<h2>Todo sobre el nuevo corte de pelo de Taylor Swift<h2>"},"content":{"rendered":"<p><a href=\"https:\/\/www.pravelashop.com\/blog\/wp-content\/uploads\/2016\/02\/El-nuevo-corte-de-pelo-de-Taylor-Swift.jpg\"><br \/>\n<\/a> <a href=\"https:\/\/www.pravelashop.com\/blog\/wp-content\/uploads\/2016\/02\/Nuevo-corte-d-epelo-de-Taylor-Swift.jpg\"><br \/>\n<\/a>Definitivamente, Taylor Swift se ha convertido en la reina Midas de las tendencias: cada peinado, prensa o estilismo que toca triunfa al instante. La \u00faltima muestra de la influencia de esta cantante la vimos en la pasada entrega de los Grammy a cuya alfombra roja acudi\u00f3 luciendo su nuevo corte de pelo,\u00a0<strong>un carr\u00e9 con un toque infantil y sesentero<\/strong> que ya est\u00e1 causando estragos. Si t\u00fa tambi\u00e9n has ca\u00eddo rendida ante el <a href=\"https:\/\/www.pravelashop.com\/blog\/2015\/10\/08\/como-hacer-la-coleta-de-taylor-swift\/\" target=\"_blank\"><strong>nuevo corte de pelo de Taylor Swift<\/strong> <\/a>o si el cambio no acaba de convencerte, sigue leyendo: te desvelamos las claves del peinado sobre el que todo el mundo habla.<\/p>\n<p>&nbsp;<\/p>\n<h2><\/h2>\n<h2>El nuevo corte de pelo de Taylor Swift: las claves<\/h2>\n<p><img loading=\"lazy\" class=\"aligncenter size-full wp-image-2582\" src=\"https:\/\/www.pravelashop.com\/blog\/wp-content\/uploads\/2016\/02\/El-nuevo-corte-de-pelo-de-Taylor-Swift.jpg\" alt=\"El nuevo corte de pelo de Taylor Swift\" width=\"620\" height=\"871\" \/><\/p>\n<ul>\n<li><strong>Tupido y recto<\/strong><\/li>\n<\/ul>\n<p>El esp\u00edritu de los 60 inunda el nuevo corte de pelo de Taylor Swift. De ah\u00ed que se trate de <strong>un peinado extremadamente tupido<\/strong>, recto y con ciertas reminiscencias na\u00eff (de hecho, recuerda a las melenitas que todas hemos llevado en alg\u00fan verano de nuestra infancia). Adem\u00e1s, a nadie se le escapa la similitud con el cl\u00e1sico peinado de <strong>Anna Wintour\u00a0la todopoderosa directora de\u00a0<em>Vogue USA.<\/em><\/strong><\/p>\n<p><a href=\"https:\/\/www.pravelashop.com\/blog\/wp-content\/uploads\/2016\/02\/Nuevo-corte-de-pelo-Taylor-Swift-Grammys.jpg\"><img loading=\"lazy\" class=\"aligncenter size-full wp-image-2584\" src=\"https:\/\/www.pravelashop.com\/blog\/wp-content\/uploads\/2016\/02\/Nuevo-corte-de-pelo-Taylor-Swift-Grammys.jpg\" alt=\"Nuevo corte de pelo Taylor Swift Grammys\" width=\"558\" height=\"800\" \/><\/a><\/p>\n<ul>\n<li><strong>Pega con todo<\/strong><\/li>\n<\/ul>\n<p>El nuevo corte de pelo de Taylor Swift se adapta muy bien a los distintos tipos de facciones. Simplemente <a href=\"https:\/\/www.pravelashop.com\/blog\/2015\/07\/22\/como-saber-si-el-pelo-corto-te-queda-bien\/\" target=\"_blank\">hay que saber escoger la longitud ideal<\/a>. As\u00ed, los rostros alargados deben apostar por una versi\u00f3n cortita, <strong>a la altura de la mand\u00edbula y con la nuca al descubierto<\/strong>. Por el contrario, <a href=\"https:\/\/www.pravelashop.com\/blog\/2016\/02\/09\/cortes-de-pelo-para-cara-redonda\/\" target=\"_blank\">los rostro redondos <\/a>quedar\u00e1n mejor con un <em>bob<\/em> largo y cuyos mechones delanteros tengan m\u00e1s longitud que los traseros.<\/p>\n<p><a href=\"https:\/\/www.pravelashop.com\/blog\/wp-content\/uploads\/2016\/02\/Nuevo-corte-d-epelo-de-Taylor-Swift.jpg\"><img loading=\"lazy\" class=\"aligncenter size-full wp-image-2583\" src=\"https:\/\/www.pravelashop.com\/blog\/wp-content\/uploads\/2016\/02\/Nuevo-corte-d-epelo-de-Taylor-Swift.jpg\" alt=\"Nuevo corte d epelo de Taylor Swift\" width=\"620\" height=\"872\" \/><\/a><\/p>\n<ul>\n<li><strong>El flequillo<\/strong><\/li>\n<\/ul>\n<p>Parece que <strong>el flequillo es un elemento imprescindible<\/strong> para darle a este <em>bob<\/em> su toque final. Sin embargo, es necesario saber adaptarlo a nuestra fisionom\u00eda. Los rostros\u00a0de p\u00f3mulos muy marcados como el de la cantante estadounidense se benefician de flequillos rectos, pero, si no es tu caso, te recomendamos que optes por variantes desfiladas.<\/p>\n<p>&nbsp;<\/p>\n<p>&nbsp;<\/p>\n<p><strong>\u00bfQu\u00e9 te parece el nuevo corte de pelo de Taylor Swift? \u00bfTe atrever\u00edas a probarlo en tu propia melena?<\/strong><\/p>\n<p>&nbsp;<\/p>\n<p>&nbsp;<\/p>\n<p style=\"text-align: center;\">\u00a0Nuestras peluquer\u00edas \u2014&gt;<a title=\"Cortes de pelo de moda\" href=\"http:\/\/www.pravelapeluqueros.es\/\" target=\"_blank\">\u00a0\u00a0www.pravelapeluqueros.es<\/a><\/p>\n<p style=\"text-align: center;\">Nuestra Tienda Online \u2013&gt; <a title=\"Tienda online peluqueria - tintes, keratina, alisado, tratamientos, etc\" href=\"https:\/\/www.pravelashop.com\/\" target=\"_blank\">www.pravelashop.com<\/a><\/p>\n<p>&nbsp;<\/p>\n<p>&nbsp;<\/p>\n","protected":false},"excerpt":{"rendered":"<p>Definitivamente, Taylor Swift se ha convertido en la reina Midas de las tendencias: cada peinado, prensa o estilismo que toca triunfa al instante. La \u00faltima muestra de la influencia de esta cantante la vimos en la pasada entrega de los Grammy a cuya alfombra roja acudi\u00f3 luciendo su nuevo corte de pelo,\u00a0un carr\u00e9 con un<\/p>\n","protected":false},"author":1,"featured_media":2581,"comment_status":"open","ping_status":"open","sticky":false,"template":"","format":"standard","meta":[],"categories":[11,4,3],"tags":[64,63,128,44,39,126],"_links":{"self":[{"href":"https:\/\/www.pravelashop.com\/blog\/wp-json\/wp\/v2\/posts\/2578"}],"collection":[{"href":"https:\/\/www.pravelashop.com\/blog\/wp-json\/wp\/v2\/posts"}],"about":[{"href":"https:\/\/www.pravelashop.com\/blog\/wp-json\/wp\/v2\/types\/post"}],"author":[{"embeddable":true,"href":"https:\/\/www.pravelashop.com\/blog\/wp-json\/wp\/v2\/users\/1"}],"replies":[{"embeddable":true,"href":"https:\/\/www.pravelashop.com\/blog\/wp-json\/wp\/v2\/comments?post=2578"}],"version-history":[{"count":7,"href":"https:\/\/www.pravelashop.com\/blog\/wp-json\/wp\/v2\/posts\/2578\/revisions"}],"predecessor-version":[{"id":3121,"href":"https:\/\/www.pravelashop.com\/blog\/wp-json\/wp\/v2\/posts\/2578\/revisions\/3121"}],"wp:featuredmedia":[{"embeddable":true,"href":"https:\/\/www.pravelashop.com\/blog\/wp-json\/wp\/v2\/media\/2581"}],"wp:attachment":[{"href":"https:\/\/www.pravelashop.com\/blog\/wp-json\/wp\/v2\/media?parent=2578"}],"wp:term":[{"taxonomy":"category","embeddable":true,"href":"https:\/\/www.pravelashop.com\/blog\/wp-json\/wp\/v2\/categories?post=2578"},{"taxonomy":"post_tag","embeddable":true,"href":"https:\/\/www.pravelashop.com\/blog\/wp-json\/wp\/v2\/tags?post=2578"}],"curies":[{"name":"wp","href":"https:\/\/api.w.org\/{rel}","templated":true}]}}