{"id":2837,"date":"2016-04-25T13:42:02","date_gmt":"2016-04-25T12:42:02","guid":{"rendered":"http:\/\/www.pravelashop.com\/blog\/?p=2837"},"modified":"2016-04-25T13:44:55","modified_gmt":"2016-04-25T12:44:55","slug":"mejores-peinados-de-coachella","status":"publish","type":"post","link":"https:\/\/www.pravelashop.com\/blog\/2016\/04\/25\/mejores-peinados-de-coachella\/","title":{"rendered":"<h2>Los mejores peinados de Coachella 2016 | Inspiraci\u00f3n<h2>"},"content":{"rendered":"<p>M\u00e1s all\u00e1 de sus propuestas musicales, <strong>el festival Coachella<\/strong> se ha convertido en punto de encuentro de famosos y pasarela privilegiada en la que lucir las<strong> tendencias de cada temporada primavera-verano<\/strong>. Este a\u00f1o no pod\u00eda ser menos y durante la celebraci\u00f3n de este multitudinario evento pudimos ver los estilismos que, con toda probabilidad, van a arrasar en los pr\u00f3ximos meses. Para que no te pierdas nada, hoy te traemos<strong> los mejores peinados de Coachella.<\/strong><\/p>\n<p>En esta edici\u00f3n del festival <strong>triunfa el estilo boho<\/strong>, los pa\u00f1uelos y las trenzas, especialmente en su versi\u00f3n <em><strong>boxer braids<\/strong><\/em>. Pero entre los peinados de Coachella tambi\u00e9n encontramos <strong>cortes rockeros, rubio platino, melenas de colores pastel\u00a0y mo\u00f1itos de aire na\u00eff<\/strong>. Todo con ese encanto relajado, bohemio y algo decadente que caracteriza a los festivales veraniegos. \u00a1Se ha abierto la veda!<\/p>\n<h2>Los mejores peinados de Coachella<\/h2>\n<h2><\/h2>\n<ul>\n<li><strong>El cabello platino de Taylor Swift<\/strong><\/li>\n<li><img loading=\"lazy\" class=\"aligncenter size-full wp-image-2842\" src=\"https:\/\/www.pravelashop.com\/blog\/wp-content\/uploads\/2016\/04\/Taylor-Swift-pelo-platino-corte.jpg\" alt=\"Taylor Swift pelo platino corte\" width=\"600\" height=\"600\" srcset=\"https:\/\/www.pravelashop.com\/blog\/wp-content\/uploads\/2016\/04\/Taylor-Swift-pelo-platino-corte.jpg 600w, https:\/\/www.pravelashop.com\/blog\/wp-content\/uploads\/2016\/04\/Taylor-Swift-pelo-platino-corte-150x150.jpg 150w\" sizes=\"(max-width: 600px) 100vw, 600px\" \/><\/li>\n<\/ul>\n<p>La cantante deja atr\u00e1s su faceta dulce y angelical y apuesta por este estilismo tan salvaje: <strong>un corte transgresor y un<a href=\"https:\/\/www.pravelashop.com\/blog\/2015\/04\/21\/como-cuidar-el-rubio-platino\/\" target=\"_blank\"> cabello rubio platino<\/a><\/strong> que recuerda a la eterna melena de Blondie. Se trata sin duda de un look arriesgado, pero a ella le funciona.<\/p>\n<p>&nbsp;<\/p>\n<ul>\n<li><strong>Los mo\u00f1itos de Kendall Jenner<\/strong><\/li>\n<li><a href=\"https:\/\/www.pravelashop.com\/blog\/wp-content\/uploads\/2016\/04\/Peinados-de-Coachella.jpg\"><img loading=\"lazy\" class=\"aligncenter size-full wp-image-2841\" src=\"https:\/\/www.pravelashop.com\/blog\/wp-content\/uploads\/2016\/04\/Peinados-de-Coachella.jpg\" alt=\"Peinados de Coachella\" width=\"620\" height=\"871\" \/><\/a><\/li>\n<\/ul>\n<p>La modelo y hermana de Kim Kardashian abraza el estilo infantil con estos mo\u00f1etes altos tan simp\u00e1ticos. De esta forma, logra un peinado muy sencillo que, adem\u00e1s, ayuda a estilizar el rostro. Para hac\u00e9rtelo s<strong>olo necesitas dos gomas de pelo y una melena desenredada<\/strong>. \u00a1M\u00e1s f\u00e1cil imposible!<\/p>\n<p>&nbsp;<\/p>\n<ul>\n<li><strong>Las trenzas de boxeadora<\/strong><\/li>\n<li><a href=\"https:\/\/www.pravelashop.com\/blog\/wp-content\/uploads\/2016\/04\/Peinados-de-Coachella-ideas.jpg\"><img loading=\"lazy\" class=\"aligncenter size-full wp-image-2840\" src=\"https:\/\/www.pravelashop.com\/blog\/wp-content\/uploads\/2016\/04\/Peinados-de-Coachella-ideas.jpg\" alt=\"Peinados de Coachella ideas\" width=\"620\" height=\"872\" \/><\/a><\/li>\n<\/ul>\n<p>Como ya comentamos hace unas semanas, <strong><a href=\"https:\/\/www.pravelashop.com\/blog\/2016\/03\/17\/trenzas-de-boxeadora-boxer-braids\/\" target=\"_blank\">las trenzas de boxeadora o boxer braids <\/a><\/strong>son, sin ning\u00fan g\u00e9nero de dudas el peinado de moda esta temporada y, como tal, se han colado entre los peinados de Coachella m\u00e1s populares. Y es que estas trenzas lo tienen todo: se adaptan a distintas longitudes de melena, resultan muy favorecedoras , tiene un punto divertido y, adem\u00e1s, mantienen el cabello bajo control todas las horas que haga falta. Mejor, imposible.<\/p>\n<p>&nbsp;<\/p>\n<ul>\n<li><strong>Los pa\u00f1uelos<\/strong><\/li>\n<li><a href=\"https:\/\/www.pravelashop.com\/blog\/wp-content\/uploads\/2016\/04\/Peinados-coachella.jpg\"><img loading=\"lazy\" class=\"aligncenter size-full wp-image-2838\" src=\"https:\/\/www.pravelashop.com\/blog\/wp-content\/uploads\/2016\/04\/Peinados-coachella.jpg\" alt=\"Peinados coachella\" width=\"800\" height=\"1200\" \/><\/a><\/li>\n<\/ul>\n<p>Los<strong> pa\u00f1uelos anudados sobra la frente<\/strong> vuelven con fuerza al mundo capilar y la prueba es que hemos visto m\u00faltiples versiones entre los peinados de Coachella: lisos, con estampados, anchos, finos&#8230;lo importante es llevarlos en la cabeza.<\/p>\n<p>&nbsp;<\/p>\n<ul>\n<li><strong>El melocot\u00f3n<\/strong><\/li>\n<\/ul>\n<p><a href=\"https:\/\/www.pravelashop.com\/blog\/wp-content\/uploads\/2016\/04\/Tinte-color-melocot\u00f3n.jpg\"><img loading=\"lazy\" class=\"aligncenter size-full wp-image-2843\" src=\"https:\/\/www.pravelashop.com\/blog\/wp-content\/uploads\/2016\/04\/Tinte-color-melocot\u00f3n.jpg\" alt=\"Tinte color melocot\u00f3n\" width=\"300\" height=\"399\" \/><\/a><\/p>\n<p>El <strong>tinte color melocot\u00f3n es el nuevo tono de moda<\/strong> para alegrar nuestras melenas durante esta primavera. Se trata de un tono perfecto para cabellos con bases de rubio o casta\u00f1o claro, pero no tanto sobre bases morenas. Eso s\u00ed, deber\u00e1s tener mucho cuidado si no quieres que el color melocot\u00f3n se acabe volviendo naranja.<\/p>\n<p>&nbsp;<\/p>\n<p style=\"text-align: center;\"><strong><em>Nuestras peluquer\u00edas \u2014&gt; <a title=\"Peluquerias en Vecindario, Telde y Las Palmas de Gran Canaria\" href=\"http:\/\/www.pravelapeluqueros.es\/\" target=\"_blank\">www.pravelapeluqueros.es<\/a><\/em><\/strong><\/p>\n<p style=\"text-align: center;\"><strong><em>Nuestra Tienda Online \u2014&gt; <a title=\"Tienda online productos de peluqueria - tinte - keratina - secador - plancha - mascarilla - champu\" href=\"https:\/\/www.pravelashop.com\/\" target=\"_blank\">www.pravelashop.com<\/a><\/em><\/strong><\/p>\n<p>&nbsp;<\/p>\n","protected":false},"excerpt":{"rendered":"<p>M\u00e1s all\u00e1 de sus propuestas musicales, el festival Coachella se ha convertido en punto de encuentro de famosos y pasarela privilegiada en la que lucir las tendencias de cada temporada primavera-verano. Este a\u00f1o no pod\u00eda ser menos y durante la celebraci\u00f3n de este multitudinario evento pudimos ver los estilismos que, con toda probabilidad, van a<\/p>\n","protected":false},"author":1,"featured_media":2839,"comment_status":"open","ping_status":"open","sticky":false,"template":"","format":"standard","meta":[],"categories":[12,11,13,4,3],"tags":[38,134,15,63,44,39,82,126,83,41],"_links":{"self":[{"href":"https:\/\/www.pravelashop.com\/blog\/wp-json\/wp\/v2\/posts\/2837"}],"collection":[{"href":"https:\/\/www.pravelashop.com\/blog\/wp-json\/wp\/v2\/posts"}],"about":[{"href":"https:\/\/www.pravelashop.com\/blog\/wp-json\/wp\/v2\/types\/post"}],"author":[{"embeddable":true,"href":"https:\/\/www.pravelashop.com\/blog\/wp-json\/wp\/v2\/users\/1"}],"replies":[{"embeddable":true,"href":"https:\/\/www.pravelashop.com\/blog\/wp-json\/wp\/v2\/comments?post=2837"}],"version-history":[{"count":5,"href":"https:\/\/www.pravelashop.com\/blog\/wp-json\/wp\/v2\/posts\/2837\/revisions"}],"predecessor-version":[{"id":2848,"href":"https:\/\/www.pravelashop.com\/blog\/wp-json\/wp\/v2\/posts\/2837\/revisions\/2848"}],"wp:featuredmedia":[{"embeddable":true,"href":"https:\/\/www.pravelashop.com\/blog\/wp-json\/wp\/v2\/media\/2839"}],"wp:attachment":[{"href":"https:\/\/www.pravelashop.com\/blog\/wp-json\/wp\/v2\/media?parent=2837"}],"wp:term":[{"taxonomy":"category","embeddable":true,"href":"https:\/\/www.pravelashop.com\/blog\/wp-json\/wp\/v2\/categories?post=2837"},{"taxonomy":"post_tag","embeddable":true,"href":"https:\/\/www.pravelashop.com\/blog\/wp-json\/wp\/v2\/tags?post=2837"}],"curies":[{"name":"wp","href":"https:\/\/api.w.org\/{rel}","templated":true}]}}