{"id":3106,"date":"2016-06-29T00:09:37","date_gmt":"2016-06-28T23:09:37","guid":{"rendered":"http:\/\/www.pravelashop.com\/blog\/?p=3106"},"modified":"2016-06-29T00:27:22","modified_gmt":"2016-06-28T23:27:22","slug":"formas-de-ponerse-un-panuelo-en-el-pelo","status":"publish","type":"post","link":"https:\/\/www.pravelashop.com\/blog\/2016\/06\/29\/formas-de-ponerse-un-panuelo-en-el-pelo\/","title":{"rendered":"<h2>5 formas de ponerse un pa\u00f1uelo en el pelo este verano<h2>"},"content":{"rendered":"<p>Olvidado durante algunos a\u00f1os, el pa\u00f1uelo est\u00e1 llamado a ser el accesorio capilar estrella durante este verano que comienza. Hay tantos tipos como modos de llevarlos pero, para que no te pierdas en tan magno oc\u00e9ano de posibilidades, hoy te presentamos <strong>5 formas de ponerse un pa\u00f1uelo en el pelo<\/strong>.<\/p>\n<p>Adem\u00e1s de vers\u00e1tiles los pa\u00f1uelos en la cabeza resultan de lo m\u00e1s \u00fatil pues tan pronto le dan un toque de chispa a un estilismo demasiado formal como te ayudan a superar con \u00e9xito un <a href=\"https:\/\/www.pravelashop.com\/blog\/2015\/10\/15\/peinados-para-bad-hair-days\/\" target=\"_blank\">bad hair day<\/a>. Eso por no hablar de su funci\u00f3n m\u00e1s obvia: despejar los mechones de la cara.\u00a0<strong>Sea como sea, este verano \u00a1l\u00edate el pa\u00f1uelo a la cabeza!<\/strong><\/p>\n<h2><\/h2>\n<h2>5\u00a0formas de ponerse un pa\u00f1uelo en el pelo<\/h2>\n<h2><\/h2>\n<ul>\n<li><strong>En un mo\u00f1o alto<\/strong><\/li>\n<\/ul>\n<p>La mejor forma de darle un poco de vida al <a href=\"https:\/\/www.pravelashop.com\/blog\/2016\/05\/02\/como-hacer-mono-despeinado-paso-a-paso\/\" target=\"_blank\">t\u00edpico mo\u00f1o alto desenfadado<\/a> es acompa\u00f1arlo con un pa\u00f1uelo atado en forma de diadema. Si es de estampados grandes, mucho mejor.<\/p>\n<p>&nbsp;<\/p>\n<p><a href=\"https:\/\/www.pravelashop.com\/blog\/wp-content\/uploads\/2016\/06\/C\u00f3mo-ponerse-un-pa\u00f1uelo-en-el-pelo.jpg\"><img loading=\"lazy\" class=\"aligncenter size-full wp-image-3107\" src=\"https:\/\/www.pravelashop.com\/blog\/wp-content\/uploads\/2016\/06\/C\u00f3mo-ponerse-un-pa\u00f1uelo-en-el-pelo.jpg\" alt=\"C\u00f3mo ponerse un pa\u00f1uelo en el pelo\" width=\"800\" height=\"1200\" \/><\/a><\/p>\n<p>&nbsp;<\/p>\n<ul>\n<li><strong>Con la melena suelta<\/strong><\/li>\n<\/ul>\n<p>Si tu cabello es XXL, acomp\u00e1\u00f1alo de un pa\u00f1uelo rectangular que tambi\u00e9n lo sea. Deja que an\u00fadalo bajo la nuca y deja que sus extremos ondulen al comp\u00e1s de tu pelo. \u00a1Perfecto para ir de <a href=\"https:\/\/www.pravelashop.com\/blog\/2016\/04\/25\/mejores-peinados-de-coachella\/\" target=\"_blank\">festival<\/a>!<\/p>\n<p><a href=\"https:\/\/www.pravelashop.com\/blog\/wp-content\/uploads\/2016\/06\/Formas-de-ponerse-un-pa\u00f1uelo-en-el-pelo-largo.jpg\"><img loading=\"lazy\" class=\"aligncenter size-full wp-image-3108\" src=\"https:\/\/www.pravelashop.com\/blog\/wp-content\/uploads\/2016\/06\/Formas-de-ponerse-un-pa\u00f1uelo-en-el-pelo-largo.jpg\" alt=\"Formas de ponerse un pa\u00f1uelo en el pelo largo\" width=\"800\" height=\"1200\" \/><\/a><\/p>\n<p>&nbsp;<\/p>\n<p>&nbsp;<\/p>\n<ul>\n<li><strong>Con un aire infantil<\/strong><\/li>\n<\/ul>\n<p>Has sucumbido a la moda del corte Bob o incluso al <a href=\"https:\/\/www.pravelashop.com\/blog\/2016\/02\/18\/todo-sobre-el-nuevo-corte-de-pelo-de-taylor-swift\/\" target=\"_blank\">carr\u00e9<\/a>, pero quieres despejar tu cara de los mechones delanteros\u2026 \u00a1No hay problema! Echa mano de un pa\u00f1uelo cortito y an\u00fadalo en forma de diadema con un peque\u00f1o lacito en la parte superior de la cabeza.<\/p>\n<p><a href=\"https:\/\/www.pravelashop.com\/blog\/wp-content\/uploads\/2016\/06\/Formas-de-ponerse-un-pa\u00f1uelo-en-el-pelo.jpg\"><img loading=\"lazy\" class=\"aligncenter size-full wp-image-3109\" src=\"https:\/\/www.pravelashop.com\/blog\/wp-content\/uploads\/2016\/06\/Formas-de-ponerse-un-pa\u00f1uelo-en-el-pelo.jpg\" alt=\"Formas de ponerse un pa\u00f1uelo en el pelo\" width=\"800\" height=\"1200\" \/><\/a><\/p>\n<p>&nbsp;<\/p>\n<p>&nbsp;<\/p>\n<p>&nbsp;<\/p>\n<ul>\n<li><strong>\u00a0En modo<em>\u00a0pin up<\/em><\/strong><\/li>\n<\/ul>\n<p>Un pa\u00f1uelo bien seleccionado\u00a0reforzar\u00e1 tus <em>looks<\/em> inspirados en las <em>sex symbols<\/em> de los a\u00f1os 50. Puedes llevarlo tanto con el cabello recogido como suelto. \u00bfEstampados? Te recomendamos lunares y cuadritos peque\u00f1os.<\/p>\n<p><a href=\"https:\/\/www.pravelashop.com\/blog\/wp-content\/uploads\/2016\/06\/Pa\u00f1uelo-pin-up.jpg\"><img loading=\"lazy\" class=\"aligncenter size-full wp-image-3112\" src=\"https:\/\/www.pravelashop.com\/blog\/wp-content\/uploads\/2016\/06\/Pa\u00f1uelo-pin-up.jpg\" alt=\"Pa\u00f1uelo pin up\" width=\"580\" height=\"740\" \/><\/a><\/p>\n<p>&nbsp;<\/p>\n<p>&nbsp;<\/p>\n<p>&nbsp;<\/p>\n<p>&nbsp;<\/p>\n<ul>\n<li><strong>Con aires tropicales<\/strong><\/li>\n<\/ul>\n<p>Deja que Carmen Miranda sea tu inspiraci\u00f3n y col\u00f3cate un colorido pa\u00f1uelo de seda sobre la frente. Se imponen los estampados y los lazos grandes as\u00ed como los mo\u00f1os altos y con volumen. No te cortes tampoco con los pendientes, por una vez, m\u00e1s es m\u00e1s.<\/p>\n<p><img loading=\"lazy\" class=\"aligncenter size-full wp-image-3113\" src=\"https:\/\/www.pravelashop.com\/blog\/wp-content\/uploads\/2016\/06\/Pa\u00f1uelo-tropical.jpg\" alt=\"Pa\u00f1uelo tropical\" width=\"800\" height=\"1200\" \/><\/p>\n<p>&nbsp;<\/p>\n<p>&nbsp;<\/p>\n<p>&nbsp;<\/p>\n<p><strong>\u00bfQu\u00e9 otras formas de ponerse un pa\u00f1uelo en el pelo conoces?<\/strong><\/p>\n<p>&nbsp;<\/p>\n<p style=\"text-align: center;\"><strong>Nuestras peluquer\u00edas \u2014&gt; <a title=\"Peluquerias en Vecindario, Telde y Las Palmas de Gran Canaria\" href=\"http:\/\/www.pravelapeluqueros.es\/\" target=\"_blank\">www.pravelapeluqueros.es<\/a><\/strong><\/p>\n<p style=\"text-align: center;\"><strong>Nuestra Tienda Online \u2014&gt; <a title=\"Tienda online productos de peluqueria - tinte - keratina - secador - plancha - mascarilla - champu\" href=\"https:\/\/www.pravelashop.com\/\" target=\"_blank\">www.pravelashop.com<\/a><\/strong><\/p>\n","protected":false},"excerpt":{"rendered":"<p>Olvidado durante algunos a\u00f1os, el pa\u00f1uelo est\u00e1 llamado a ser el accesorio capilar estrella durante este verano que comienza. Hay tantos tipos como modos de llevarlos pero, para que no te pierdas en tan magno oc\u00e9ano de posibilidades, hoy te presentamos 5 formas de ponerse un pa\u00f1uelo en el pelo. Adem\u00e1s de vers\u00e1tiles los pa\u00f1uelos<\/p>\n","protected":false},"author":1,"featured_media":3110,"comment_status":"open","ping_status":"open","sticky":false,"template":"","format":"standard","meta":[],"categories":[13,4,3],"tags":[38,128,44,82,126,100],"_links":{"self":[{"href":"https:\/\/www.pravelashop.com\/blog\/wp-json\/wp\/v2\/posts\/3106"}],"collection":[{"href":"https:\/\/www.pravelashop.com\/blog\/wp-json\/wp\/v2\/posts"}],"about":[{"href":"https:\/\/www.pravelashop.com\/blog\/wp-json\/wp\/v2\/types\/post"}],"author":[{"embeddable":true,"href":"https:\/\/www.pravelashop.com\/blog\/wp-json\/wp\/v2\/users\/1"}],"replies":[{"embeddable":true,"href":"https:\/\/www.pravelashop.com\/blog\/wp-json\/wp\/v2\/comments?post=3106"}],"version-history":[{"count":8,"href":"https:\/\/www.pravelashop.com\/blog\/wp-json\/wp\/v2\/posts\/3106\/revisions"}],"predecessor-version":[{"id":3122,"href":"https:\/\/www.pravelashop.com\/blog\/wp-json\/wp\/v2\/posts\/3106\/revisions\/3122"}],"wp:featuredmedia":[{"embeddable":true,"href":"https:\/\/www.pravelashop.com\/blog\/wp-json\/wp\/v2\/media\/3110"}],"wp:attachment":[{"href":"https:\/\/www.pravelashop.com\/blog\/wp-json\/wp\/v2\/media?parent=3106"}],"wp:term":[{"taxonomy":"category","embeddable":true,"href":"https:\/\/www.pravelashop.com\/blog\/wp-json\/wp\/v2\/categories?post=3106"},{"taxonomy":"post_tag","embeddable":true,"href":"https:\/\/www.pravelashop.com\/blog\/wp-json\/wp\/v2\/tags?post=3106"}],"curies":[{"name":"wp","href":"https:\/\/api.w.org\/{rel}","templated":true}]}}