{"id":3209,"date":"2016-07-21T00:42:28","date_gmt":"2016-07-20T23:42:28","guid":{"rendered":"http:\/\/www.pravelashop.com\/blog\/?p=3209"},"modified":"2016-07-21T00:45:46","modified_gmt":"2016-07-20T23:45:46","slug":"5-peinados-con-trenzas-para-este-verano","status":"publish","type":"post","link":"https:\/\/www.pravelashop.com\/blog\/2016\/07\/21\/5-peinados-con-trenzas-para-este-verano\/","title":{"rendered":"<h2>5 peinados con trenzas para este verano<h2>"},"content":{"rendered":"<p>Las piedras se derriten, los d\u00edas no acaban nunca, el sol inunda cada rinc\u00f3n\u2026 S\u00ed, <a href=\"https:\/\/www.pravelashop.com\/blog\/2016\/07\/08\/guia-para-cuidar-tu-pelo-en-verano\/\" target=\"_blank\">es verano y hace mucho, mucho calor<\/a>. Si quieres evitar sufrir una combusti\u00f3n espont\u00e1nea debido a las altas temperatura, se imponen lo recogidos c\u00f3modos, f\u00e1ciles de hacer y todoterreno. Por eso hoy te proponemo<strong>s los mejores peinados con trenzas para sobrevivir a la temporada estival<\/strong>.<\/p>\n<p>Mantienen el cabello bajo control, resultan muy favorecedores y te permiten ir fresquita pero arreglada a cualquier lugar. Definitivamente, los peinados con trenzas son para el verano.<\/p>\n<p><a href=\"https:\/\/www.pravelashop.com\/blog\/wp-content\/uploads\/2016\/07\/peinados-con-trenzas-para-verano-recogidos.jpg\"><img loading=\"lazy\" class=\"aligncenter wp-image-3213 size-full\" src=\"https:\/\/www.pravelashop.com\/blog\/wp-content\/uploads\/2016\/07\/peinados-con-trenzas-para-verano-recogidos.jpg\" alt=\"peinados con trenzas para verano recogidos\" width=\"518\" height=\"544\" \/><\/a><\/p>\n<p>&nbsp;<\/p>\n<h2>Peinados con trenzas: 5 propuestas para este verano<\/h2>\n<p>&nbsp;<\/p>\n<p>Si quieres ir c\u00f3moda, con estilo y evitar pasar calor, \u00a0prueba con<strong> un mo\u00f1o con trenzas tribales de ra\u00edz<\/strong>. Puedes elegir el n\u00famero de trenzas y el grosor de las mismas seg\u00fan el efecto final que desees lograr. Trenza tu cabello hasta la coronilla y recoge el pelo sobrante en un mo\u00f1o con efecto despeinado.<strong> El resultado ser\u00e1 un look diferente y muy divertido<\/strong>.<\/p>\n<p><img loading=\"lazy\" class=\"aligncenter wp-image-3216 size-full\" src=\"https:\/\/www.pravelashop.com\/blog\/wp-content\/uploads\/2016\/07\/Peinados-con-trenzas-tribales.jpg\" alt=\"Peinados con trenzas tribales\" width=\"1000\" height=\"1200\" \/><a href=\"https:\/\/www.pravelashop.com\/blog\/wp-content\/uploads\/2016\/07\/Peinados-con-trenzas-para-verano-f\u00e1ciles.jpg\"><br \/>\n<\/a><\/p>\n<p>Elegante y todoterreno, as\u00ed podemos definir esta<strong> trenza lateral, baja y de ra\u00edz<\/strong>. Puedes llevarla con algunos mechones sueltos para darle un toque rom\u00e1ntico o <strong>pulida si buscas un acabado sobrio y cl\u00e1sico<\/strong>. Acomp\u00e1\u00f1ala con un detalle floral o con un peque\u00f1o pasador para darle m\u00e1s vida al peinado.<\/p>\n<p><a href=\"https:\/\/www.pravelashop.com\/blog\/wp-content\/uploads\/2016\/07\/Peinados-con-trenzas-para-verano-f\u00e1ciles.jpg\"><img loading=\"lazy\" class=\"aligncenter wp-image-3211 size-full\" src=\"https:\/\/www.pravelashop.com\/blog\/wp-content\/uploads\/2016\/07\/Peinados-con-trenzas-para-verano-f\u00e1ciles.jpg\" alt=\"Peinados con trenzas para verano f\u00e1ciles\" width=\"532\" height=\"800\" \/><\/a><\/p>\n<p>Si optas por un look de aspecto relajado y desenfadado, te recomendamos una <strong>trenza lateral algo deshecha<\/strong>. Deja sueltos los mechones de la parte delantera de la melena enmarcando tu cara. Puedes trenzarla de forma tradicional o bien optar por un estilo de espiga. Ahueca un poco los mechones para dar mayor sensaci\u00f3n de<strong> volumen, movimiento y ligereza.<\/strong><\/p>\n<p><a href=\"https:\/\/www.pravelashop.com\/blog\/wp-content\/uploads\/2016\/07\/peinados-con-trenzas-para-verano-ideas.jpg\"><img loading=\"lazy\" class=\"aligncenter wp-image-3212 size-full\" src=\"https:\/\/www.pravelashop.com\/blog\/wp-content\/uploads\/2016\/07\/peinados-con-trenzas-para-verano-ideas.jpg\" alt=\"peinados con trenzas para verano ideas\" width=\"500\" height=\"639\" \/><\/a><\/p>\n<p><a href=\"https:\/\/www.pravelashop.com\/blog\/wp-content\/uploads\/2016\/07\/Peinados-con-trenzas-tribales.jpg\"><br \/>\n<\/a><\/p>\n<p>La coleta es siempre una buena opci\u00f3n para huir de los calores estivales, pero puedes darle un toque original acompa\u00f1\u00e1ndola con <strong>una peque\u00f1a trenza en un lateral.<\/strong> Carda un poco la coleta para conseguir mayor volumen y un aire retro.<\/p>\n<p><a href=\"https:\/\/www.pravelashop.com\/blog\/wp-content\/uploads\/2016\/07\/peinados-con-trenzas-para-verano.jpg\"><img loading=\"lazy\" class=\"aligncenter wp-image-3215 size-full\" src=\"https:\/\/www.pravelashop.com\/blog\/wp-content\/uploads\/2016\/07\/peinados-con-trenzas-para-verano.jpg\" alt=\"peinados con trenzas para verano\" width=\"615\" height=\"800\" \/><\/a><\/p>\n<p><strong>Si hay un peinado m\u00e1s apropiado para el verano que la<a href=\"https:\/\/www.pravelashop.com\/blog\/2016\/05\/10\/peinados-con-trenzas-para-invitadas\/\" target=\"_blank\"> trenza corona<\/a>, no lo conocemos.<\/strong>\u00a0Mantiene los mechones apartados de la cara y la nuca despejada te permitir\u00e1 ir s\u00faper fresquita a cualquier evento: desde una boda a un d\u00eda de playa, pasando por tu festival favorito. Adem\u00e1s, resulta muy favorecedor y, si est\u00e1 bien sujeta con horquillas y algo de laca, aguanta todas las horas que necesites.<\/p>\n<p><a href=\"https:\/\/www.pravelashop.com\/blog\/wp-content\/uploads\/2016\/07\/peinados-con-trenzas-para-verano-faciles-de-hacer.jpg\"><img loading=\"lazy\" class=\"aligncenter wp-image-3210 size-full\" src=\"https:\/\/www.pravelashop.com\/blog\/wp-content\/uploads\/2016\/07\/peinados-con-trenzas-para-verano-faciles-de-hacer.jpg\" alt=\"peinados con trenzas para verano faciles de hacer\" width=\"389\" height=\"565\" \/><\/a><\/p>\n<p>&nbsp;<\/p>\n<p>&nbsp;<\/p>\n<p>&nbsp;<\/p>\n<p><strong>\u00bfSueles llevar peinados con trenzas en verano?<\/strong><\/p>\n<p>&nbsp;<\/p>\n<p>&nbsp;<\/p>\n<p style=\"text-align: center;\">\u00a0Visita nuestra tienda online: <a title=\"Tienda productos de peluqueria\" href=\"https:\/\/www.pravelashop.com\/\" target=\"_blank\">www.pravelashop.com<\/a><br \/>\n\u2026 o nuestras peluquer\u00edas:\u00a0\u00a0\u00a0<a title=\"Peluquerias en Vecindario, Telde y Las Palmas\" href=\"http:\/\/www.pravelapeluqueros.es\/\" target=\"_blank\">www.pravelapeluqueros.es<\/a><\/p>\n","protected":false},"excerpt":{"rendered":"<p>Las piedras se derriten, los d\u00edas no acaban nunca, el sol inunda cada rinc\u00f3n\u2026 S\u00ed, es verano y hace mucho, mucho calor. Si quieres evitar sufrir una combusti\u00f3n espont\u00e1nea debido a las altas temperatura, se imponen lo recogidos c\u00f3modos, f\u00e1ciles de hacer y todoterreno. Por eso hoy te proponemos los mejores peinados con trenzas para<\/p>\n","protected":false},"author":1,"featured_media":3214,"comment_status":"open","ping_status":"open","sticky":false,"template":"","format":"standard","meta":[],"categories":[2,13,4,3],"tags":[39,82,83,100],"_links":{"self":[{"href":"https:\/\/www.pravelashop.com\/blog\/wp-json\/wp\/v2\/posts\/3209"}],"collection":[{"href":"https:\/\/www.pravelashop.com\/blog\/wp-json\/wp\/v2\/posts"}],"about":[{"href":"https:\/\/www.pravelashop.com\/blog\/wp-json\/wp\/v2\/types\/post"}],"author":[{"embeddable":true,"href":"https:\/\/www.pravelashop.com\/blog\/wp-json\/wp\/v2\/users\/1"}],"replies":[{"embeddable":true,"href":"https:\/\/www.pravelashop.com\/blog\/wp-json\/wp\/v2\/comments?post=3209"}],"version-history":[{"count":3,"href":"https:\/\/www.pravelashop.com\/blog\/wp-json\/wp\/v2\/posts\/3209\/revisions"}],"predecessor-version":[{"id":3219,"href":"https:\/\/www.pravelashop.com\/blog\/wp-json\/wp\/v2\/posts\/3209\/revisions\/3219"}],"wp:featuredmedia":[{"embeddable":true,"href":"https:\/\/www.pravelashop.com\/blog\/wp-json\/wp\/v2\/media\/3214"}],"wp:attachment":[{"href":"https:\/\/www.pravelashop.com\/blog\/wp-json\/wp\/v2\/media?parent=3209"}],"wp:term":[{"taxonomy":"category","embeddable":true,"href":"https:\/\/www.pravelashop.com\/blog\/wp-json\/wp\/v2\/categories?post=3209"},{"taxonomy":"post_tag","embeddable":true,"href":"https:\/\/www.pravelashop.com\/blog\/wp-json\/wp\/v2\/tags?post=3209"}],"curies":[{"name":"wp","href":"https:\/\/api.w.org\/{rel}","templated":true}]}}