{"id":3599,"date":"2016-11-03T00:31:17","date_gmt":"2016-11-02T23:31:17","guid":{"rendered":"http:\/\/www.pravelashop.com\/blog\/?p=3599"},"modified":"2016-11-03T00:43:08","modified_gmt":"2016-11-02T23:43:08","slug":"ofertas-de-mechas-noviembre-peluqueria","status":"publish","type":"post","link":"https:\/\/www.pravelashop.com\/blog\/2016\/11\/03\/ofertas-de-mechas-noviembre-peluqueria\/","title":{"rendered":"<h2>Noviembre dulce: las mejores ofertas de mechas y coloraci\u00f3n est\u00e1n en Pravela<h2>"},"content":{"rendered":"<p>Noviembre es el mes oto\u00f1al por excelencia: sacamos las chaquetas, comemos casta\u00f1as, el suelo se convierte en un tapiz de hojas rojas, naranjas y amarillas\u2026y tu cabello se llena de color. Al menos, si te apuntas a las <strong>ofertas de mechas de Pravela<\/strong>.<br \/>\n&nbsp;<br \/>\nY es que durante todo el mes de noviembre, las peluquer\u00edas de Pravela cuentan con <a href=\"https:\/\/www.pravelapeluqueros.es\/#specials\" target=\"_blank\">cuatro promociones en coloraci\u00f3n<\/a> que te har\u00e1n desear un cambio crom\u00e1tico en tu melena. Ya seas de pinceladas sutiles o de transformaciones dr\u00e1sticas, seguro que encuentras la opci\u00f3n que mejor le va a tu estilo.<br \/>\n&nbsp;<\/p>\n<p><iframe width=\"560\" height=\"315\" src=\"https:\/\/www.youtube.com\/embed\/DTmRbNWwJPk\" frameborder=\"0\" allowfullscreen><\/iframe><\/p>\n<p>&nbsp;<\/p>\n<h2>Las mejores ofertas de mechas y coloraci\u00f3n<\/h2>\n<p>&nbsp;<\/p>\n<h2><\/h2>\n<p><strong>Opci\u00f3n 1. \u00a0Back to basics<\/strong><\/p>\n<p>\u00bfBuscas un cambio directo y efectivo? Opta por este pack: color, cortar y peinar por 26,95 euros. Tres pasos b\u00e1sicos para amarte a ti misma frente al espejo<\/p>\n<p><a href=\"https:\/\/www.pravelashop.com\/blog\/wp-content\/uploads\/2016\/11\/PRAVELA-OFERTAS-NOVIEMBRE-2016-CON-PRECIOS.jpg\"><br \/>\n<\/a> <a href=\"https:\/\/www.pravelashop.com\/blog\/wp-content\/uploads\/2016\/11\/VIDEO-OFERTAS-NOVIEMBRE-PRAVELA-PELUQUEROS-2-1.jpg\" target=\"_blank\"><img loading=\"lazy\" class=\"aligncenter wp-image-3602 size-full\" src=\"https:\/\/www.pravelashop.com\/blog\/wp-content\/uploads\/2016\/11\/VIDEO-OFERTAS-NOVIEMBRE-PRAVELA-PELUQUEROS-2-1.jpg\" alt=\"video-ofertas-noviembre-pravela-peluqueros-2-1\" width=\"1200\" height=\"739\" \/><\/a><\/p>\n<p><strong>Opci\u00f3n 2. El contraste<\/strong><\/p>\n<p>Si quieres un fogonazo de luz en tu cabello, elige la opci\u00f3n de color, mechas superiores y peinado por solamente 29,95 euros.\u00a0As\u00ed, podr\u00e1s combinar un tono general en tu melena con otro en la zona de la coronilla.<\/p>\n<p><a href=\"https:\/\/www.pravelashop.com\/blog\/wp-content\/uploads\/2016\/11\/VIDEO-OFERTAS-NOVIEMBRE-PRAVELA-PELUQUEROS-3-1.jpg\"><img loading=\"lazy\" class=\"aligncenter wp-image-3603 size-full\" src=\"https:\/\/www.pravelashop.com\/blog\/wp-content\/uploads\/2016\/11\/VIDEO-OFERTAS-NOVIEMBRE-PRAVELA-PELUQUEROS-3-1.jpg\" alt=\"video-ofertas-noviembre-pravela-peluqueros-3-1\" width=\"1200\" height=\"739\" \/><\/a><\/p>\n<p><strong>Opci\u00f3n 3. Luces de colores<\/strong><\/p>\n<p>Ya hemos dicho que en noviembre el suelo se llena de colores, \u00bfpor qu\u00e9 no iba a hacerlo tambi\u00e9n tu melena? Por 49, 95 euros Pravela te ofrece su servicio de mechas completas,\u00a0 color y peinado. \u00a1Y que fluyan los pigmentos!<\/p>\n<p><a href=\"https:\/\/www.pravelashop.com\/blog\/wp-content\/uploads\/2016\/11\/VIDEO-OFERTAS-NOVIEMBRE-PRAVELA-PELUQUEROS-4-1.jpg\" target=\"_blank\"><img loading=\"lazy\" class=\"aligncenter wp-image-3604 size-full\" src=\"https:\/\/www.pravelashop.com\/blog\/wp-content\/uploads\/2016\/11\/VIDEO-OFERTAS-NOVIEMBRE-PRAVELA-PELUQUEROS-4-1.jpg\" alt=\"video-ofertas-noviembre-pravela-peluqueros-4-1\" width=\"1200\" height=\"739\" \/><\/a><\/p>\n<p><strong>Opci\u00f3n 4. El noviembre m\u00e1s dulce<\/strong><\/p>\n<p>Suaves y delicadas, las mechas Balayage o Babylights son todo lo que necesitas si quieres experimentar el oto\u00f1o m\u00e1s tierno de tu vida. En Pravela las tienes hasta final de mes por 59,95 (y s\u00ed, el precio incluye color y peinado).<\/p>\n<p><a href=\"https:\/\/www.pravelashop.com\/blog\/wp-content\/uploads\/2016\/11\/VIDEO-OFERTAS-NOVIEMBRE-PRAVELA-PELUQUEROS-5-1.jpg\" target=\"_blank\"><img loading=\"lazy\" class=\"aligncenter wp-image-3605 size-full\" src=\"https:\/\/www.pravelashop.com\/blog\/wp-content\/uploads\/2016\/11\/VIDEO-OFERTAS-NOVIEMBRE-PRAVELA-PELUQUEROS-5-1.jpg\" alt=\"ofertas de mechas\" width=\"1200\" height=\"739\" \/><\/a><\/p>\n<p>\u00bfCon cu\u00e1l de estas ofertas de mechas y color te quedas? \u00bfSueles cambiar tu look en oto\u00f1o o prefieres otras \u00e9pocas del a\u00f1o para experimentar con nuevos estilos?<\/p>\n<p>&nbsp;<\/p>\n<p>&nbsp;<\/p>\n<p>&nbsp;<\/p>\n<p style=\"text-align: center;\"><strong>Nuestras peluquer\u00edas \u2014&gt; <a title=\"Peluquerias en Vecindario, Telde y Las Palmas de Gran Canaria\" href=\"http:\/\/www.pravelapeluqueros.es\/\" target=\"_blank\">www.pravelapeluqueros.es<\/a><\/strong><\/p>\n<p style=\"text-align: center;\"><strong>Nuestra Tienda Online \u2014&gt; <a title=\"Tienda online productos de peluqueria - tinte - keratina - secador - plancha - mascarilla - champu\" href=\"https:\/\/www.pravelashop.com\/\" target=\"_blank\">www.pravelashop.com<\/a><\/strong><\/p>\n","protected":false},"excerpt":{"rendered":"<p>Noviembre es el mes oto\u00f1al por excelencia: sacamos las chaquetas, comemos casta\u00f1as, el suelo se convierte en un tapiz de hojas rojas, naranjas y amarillas\u2026y tu cabello se llena de color. Al menos, si te apuntas a las ofertas de mechas de Pravela. &nbsp; Y es que durante todo el mes de noviembre, las peluquer\u00edas<\/p>\n","protected":false},"author":1,"featured_media":3601,"comment_status":"open","ping_status":"open","sticky":false,"template":"","format":"standard","meta":[],"categories":[12,11,4],"tags":[99,176,15,163,24,177,39],"_links":{"self":[{"href":"https:\/\/www.pravelashop.com\/blog\/wp-json\/wp\/v2\/posts\/3599"}],"collection":[{"href":"https:\/\/www.pravelashop.com\/blog\/wp-json\/wp\/v2\/posts"}],"about":[{"href":"https:\/\/www.pravelashop.com\/blog\/wp-json\/wp\/v2\/types\/post"}],"author":[{"embeddable":true,"href":"https:\/\/www.pravelashop.com\/blog\/wp-json\/wp\/v2\/users\/1"}],"replies":[{"embeddable":true,"href":"https:\/\/www.pravelashop.com\/blog\/wp-json\/wp\/v2\/comments?post=3599"}],"version-history":[{"count":8,"href":"https:\/\/www.pravelashop.com\/blog\/wp-json\/wp\/v2\/posts\/3599\/revisions"}],"predecessor-version":[{"id":3612,"href":"https:\/\/www.pravelashop.com\/blog\/wp-json\/wp\/v2\/posts\/3599\/revisions\/3612"}],"wp:featuredmedia":[{"embeddable":true,"href":"https:\/\/www.pravelashop.com\/blog\/wp-json\/wp\/v2\/media\/3601"}],"wp:attachment":[{"href":"https:\/\/www.pravelashop.com\/blog\/wp-json\/wp\/v2\/media?parent=3599"}],"wp:term":[{"taxonomy":"category","embeddable":true,"href":"https:\/\/www.pravelashop.com\/blog\/wp-json\/wp\/v2\/categories?post=3599"},{"taxonomy":"post_tag","embeddable":true,"href":"https:\/\/www.pravelashop.com\/blog\/wp-json\/wp\/v2\/tags?post=3599"}],"curies":[{"name":"wp","href":"https:\/\/api.w.org\/{rel}","templated":true}]}}