{"id":3681,"date":"2016-11-29T13:10:19","date_gmt":"2016-11-29T12:10:19","guid":{"rendered":"http:\/\/www.pravelashop.com\/blog\/?p=3681"},"modified":"2016-11-29T13:13:42","modified_gmt":"2016-11-29T12:13:42","slug":"pelo-castano-claro-oscuro-natural","status":"publish","type":"post","link":"https:\/\/www.pravelashop.com\/blog\/2016\/11\/29\/pelo-castano-claro-oscuro-natural\/","title":{"rendered":"<h2>Luminoso y natural, el pelo casta\u00f1o triunfa en oto\u00f1o<h2>"},"content":{"rendered":"<p>El casta\u00f1o es el tono oto\u00f1al por excelencia: recuerda a las hojas ca\u00eddas de los \u00e1rboles, a la tierra mojada por la lluvia y a los campos melanc\u00f3licos que caracterizan a estos meses. Adem\u00e1s, en esta temporada <a href=\"https:\/\/www.pravelashop.com\/blog\/2015\/09\/29\/color-chocolate-pelo-otono\/\" target=\"_blank\">la gama del\u00a0<em>brunette<\/em> est\u00e1 especialmente de moda<\/a>, as\u00ed que es un buen momento para<strong> abrazar el pelo casta\u00f1o<\/strong> y acompasar tu melena con los ritmos estacionales.<\/p>\n<p>Durante muchos a\u00f1os, este tipo de cabello fue tachado de aburrido o demasiado serio, pero lo cierto es que <strong>aporta personalidad y fuerza<\/strong>, am\u00e9n de realzar los p\u00f3mulos y la mirada, sobre todo si tienes los ojos muy claros.<\/p>\n<p><a href=\"https:\/\/www.pravelashop.com\/blog\/wp-content\/uploads\/2016\/11\/3eaevlo2upi-roksolana-zasiadko.jpg\" target=\"_blank\"><img loading=\"lazy\" class=\"aligncenter wp-image-3689 size-full\" src=\"https:\/\/www.pravelashop.com\/blog\/wp-content\/uploads\/2016\/11\/3eaevlo2upi-roksolana-zasiadko.jpg\" alt=\"3eaevlo2upi-roksolana-zasiadko\" width=\"2270\" height=\"3405\" \/><\/a><\/p>\n<h2>Pelo casta\u00f1o: as\u00ed se lleva en 2016<\/h2>\n<p>El brunette sienta bien a todo tipo de rostros, \u00fanicamente se debe encontrar la tonalidad crom\u00e1tica que mejor se adapta a nuestros rasgos. As\u00ed, puedes optar desde por un casta\u00f1o fuerte hasta por uno muy claro que casi roce los dominios del rubio oscuro.<\/p>\n<p><a href=\"https:\/\/www.pravelashop.com\/blog\/wp-content\/uploads\/2016\/11\/xvfzo6lmb0-maria-victoria-heredia-reyes.jpg\" target=\"_blank\"><img loading=\"lazy\" class=\"aligncenter wp-image-3687 size-full\" src=\"https:\/\/www.pravelashop.com\/blog\/wp-content\/uploads\/2016\/11\/xvfzo6lmb0-maria-victoria-heredia-reyes.jpg\" alt=\"xvfzo6lmb0-maria-victoria-heredia-reyes\" width=\"4272\" height=\"2848\" \/><\/a><\/p>\n<p>En este oto\u00f1o, el pelo casta\u00f1o sigue la regla de la naturalidad: se lleva de un solo color uniforme o<strong> con alg\u00fan toque rojizo muy suave<\/strong>. Tambi\u00e9n se le pueden dar unas pinceladas en tono chocolate o caramelo. Esos gui\u00f1os de color le aportar\u00e1n movimiento y profundidad sin crear un contraste excesivo.<\/p>\n<p>Para que el pelo casta\u00f1o pueda lucir en su m\u00e1ximo esplendor, resulta imprescindible que rebose brillo, luminosidad y salud, as\u00ed que recuerda emplear<strong> productos de hidrataci\u00f3n capilar<\/strong>. Una mascarilla potente, un acondicionador de calidad y un s\u00e9rum nutritivo te ayudar\u00e1n a presumir de melena brunette.<\/p>\n<p><a href=\"https:\/\/www.pravelashop.com\/blog\/wp-content\/uploads\/2016\/11\/n4pp64jhd4w-brooke-cagle.jpg\" target=\"_blank\"><img loading=\"lazy\" class=\"aligncenter wp-image-3688 size-full\" src=\"https:\/\/www.pravelashop.com\/blog\/wp-content\/uploads\/2016\/11\/n4pp64jhd4w-brooke-cagle.jpg\" alt=\"n4pp64jhd4w-brooke-cagle\" width=\"3648\" height=\"5472\" \/><\/a><\/p>\n<p>Entre las famosas que han sucumbido al pelo casta\u00f1o en alg\u00fan momento de su carrera se encuentran<strong> Emma Watson (para encarnar a la protagonista de La Bella y la Bestia), Jessica Biel, Marion Cotillard e incluso Emma Stone<\/strong>, que abandon\u00f3 durante unos meses tu car\u00e1cter pelirrojo por tonos m\u00e1s chocolateados.<\/p>\n<p><strong>\u00bfTe gusta el pelo casta\u00f1o o prefieres otro tipo de tonalidades para tu cabello?<\/strong><\/p>\n<p><a href=\"https:\/\/www.pravelashop.com\/pravelashop\/5003743\/tinte-shining-chroma-4-15-castano-marron.html\" target=\"_blank\"><img loading=\"lazy\" class=\"aligncenter wp-image-3686 size-full\" src=\"https:\/\/www.pravelashop.com\/blog\/wp-content\/uploads\/2016\/11\/PELO-CASTA\u00d1O.jpg\" alt=\"pelo-castano\" width=\"800\" height=\"800\" srcset=\"https:\/\/www.pravelashop.com\/blog\/wp-content\/uploads\/2016\/11\/PELO-CASTA\u00d1O.jpg 800w, https:\/\/www.pravelashop.com\/blog\/wp-content\/uploads\/2016\/11\/PELO-CASTA\u00d1O-150x150.jpg 150w\" sizes=\"(max-width: 800px) 100vw, 800px\" \/><\/a><\/p>\n<p><a href=\"https:\/\/www.pravelashop.com\/blog\/wp-content\/uploads\/2016\/11\/Pelo-casta\u00f1o-claro.jpg\" target=\"_blank\"><img loading=\"lazy\" class=\"aligncenter wp-image-3685 size-full\" src=\"https:\/\/www.pravelashop.com\/blog\/wp-content\/uploads\/2016\/11\/Pelo-casta\u00f1o-claro.jpg\" alt=\"pelo-castano-claro\" width=\"800\" height=\"800\" srcset=\"https:\/\/www.pravelashop.com\/blog\/wp-content\/uploads\/2016\/11\/Pelo-casta\u00f1o-claro.jpg 800w, https:\/\/www.pravelashop.com\/blog\/wp-content\/uploads\/2016\/11\/Pelo-casta\u00f1o-claro-150x150.jpg 150w\" sizes=\"(max-width: 800px) 100vw, 800px\" \/><\/a><\/p>\n<p><a href=\"https:\/\/www.pravelashop.com\/pravelashop\/5003803\/tinte-shining-chroma-5-5-castano-claro-caoba.html\" target=\"_blank\"><img loading=\"lazy\" class=\"aligncenter wp-image-3684 size-full\" src=\"https:\/\/www.pravelashop.com\/blog\/wp-content\/uploads\/2016\/11\/Pelo-casta\u00f1o-caoba.jpg\" alt=\"pelo-castano-caoba\" width=\"800\" height=\"800\" srcset=\"https:\/\/www.pravelashop.com\/blog\/wp-content\/uploads\/2016\/11\/Pelo-casta\u00f1o-caoba.jpg 800w, https:\/\/www.pravelashop.com\/blog\/wp-content\/uploads\/2016\/11\/Pelo-casta\u00f1o-caoba-150x150.jpg 150w\" sizes=\"(max-width: 800px) 100vw, 800px\" \/><\/a><a href=\"https:\/\/www.pravelashop.com\/pravelashop\/5003822\/tinte-shining-chroma-6-23-rubio-oscuro-marron.html\" target=\"_blank\"><img loading=\"lazy\" class=\"aligncenter wp-image-3683 size-full\" src=\"https:\/\/www.pravelashop.com\/blog\/wp-content\/uploads\/2016\/11\/Pelo-casta\u00f1o-claro-2.jpg\" alt=\"pelo casta\u00f1o\" width=\"800\" height=\"800\" srcset=\"https:\/\/www.pravelashop.com\/blog\/wp-content\/uploads\/2016\/11\/Pelo-casta\u00f1o-claro-2.jpg 800w, https:\/\/www.pravelashop.com\/blog\/wp-content\/uploads\/2016\/11\/Pelo-casta\u00f1o-claro-2-150x150.jpg 150w\" sizes=\"(max-width: 800px) 100vw, 800px\" \/><\/a><\/p>\n<p>&nbsp;<\/p>\n<p>&nbsp;<\/p>\n<p style=\"text-align: center;\">Tienda Online: \u00a0<a title=\"Tienda online productos de peluqueria\" href=\"https:\/\/www.pravelashop.com\/\" target=\"_blank\">www.pravelashop.com<\/a><\/p>\n<p style=\"text-align: center;\">Nuestras peluquer\u00edas:\u00a0<a title=\"Peluquerias en Vecindario, Telde y Las Palmas de Gran Canaria\" href=\"http:\/\/www.pravelapeluqueros.es\/\" target=\"_blank\">www.pravelapeluqueros.es<\/a><\/p>\n","protected":false},"excerpt":{"rendered":"<p>El casta\u00f1o es el tono oto\u00f1al por excelencia: recuerda a las hojas ca\u00eddas de los \u00e1rboles, a la tierra mojada por la lluvia y a los campos melanc\u00f3licos que caracterizan a estos meses. Adem\u00e1s, en esta temporada la gama del\u00a0brunette est\u00e1 especialmente de moda, as\u00ed que es un buen momento para abrazar el pelo casta\u00f1o<\/p>\n","protected":false},"author":1,"featured_media":3690,"comment_status":"open","ping_status":"open","sticky":false,"template":"","format":"standard","meta":[],"categories":[12,2,4,8],"tags":[184,15,163,25,162,76],"_links":{"self":[{"href":"https:\/\/www.pravelashop.com\/blog\/wp-json\/wp\/v2\/posts\/3681"}],"collection":[{"href":"https:\/\/www.pravelashop.com\/blog\/wp-json\/wp\/v2\/posts"}],"about":[{"href":"https:\/\/www.pravelashop.com\/blog\/wp-json\/wp\/v2\/types\/post"}],"author":[{"embeddable":true,"href":"https:\/\/www.pravelashop.com\/blog\/wp-json\/wp\/v2\/users\/1"}],"replies":[{"embeddable":true,"href":"https:\/\/www.pravelashop.com\/blog\/wp-json\/wp\/v2\/comments?post=3681"}],"version-history":[{"count":4,"href":"https:\/\/www.pravelashop.com\/blog\/wp-json\/wp\/v2\/posts\/3681\/revisions"}],"predecessor-version":[{"id":3694,"href":"https:\/\/www.pravelashop.com\/blog\/wp-json\/wp\/v2\/posts\/3681\/revisions\/3694"}],"wp:featuredmedia":[{"embeddable":true,"href":"https:\/\/www.pravelashop.com\/blog\/wp-json\/wp\/v2\/media\/3690"}],"wp:attachment":[{"href":"https:\/\/www.pravelashop.com\/blog\/wp-json\/wp\/v2\/media?parent=3681"}],"wp:term":[{"taxonomy":"category","embeddable":true,"href":"https:\/\/www.pravelashop.com\/blog\/wp-json\/wp\/v2\/categories?post=3681"},{"taxonomy":"post_tag","embeddable":true,"href":"https:\/\/www.pravelashop.com\/blog\/wp-json\/wp\/v2\/tags?post=3681"}],"curies":[{"name":"wp","href":"https:\/\/api.w.org\/{rel}","templated":true}]}}