{"id":4514,"date":"2017-12-15T21:45:36","date_gmt":"2017-12-15T20:45:36","guid":{"rendered":"http:\/\/www.pravelashop.com\/blog\/?p=4514"},"modified":"2017-12-15T21:45:36","modified_gmt":"2017-12-15T20:45:36","slug":"mas-peinados-de-fiesta","status":"publish","type":"post","link":"https:\/\/www.pravelashop.com\/blog\/2017\/12\/15\/mas-peinados-de-fiesta\/","title":{"rendered":"<h2>Mas peinados de fiesta para estas Navidades<h2>"},"content":{"rendered":"<p>Hola, amiga. Hoy te traigo mas peinados de fiesta.<\/p>\n<p>He vuelto a rebuscar en los armarios de las famosas y os traigo nuevos peinados que puedes probar en tus cenas o fiestas de estas Navidades.<\/p>\n<p>&nbsp;<\/p>\n<p><a href=\"http:\/\/www.pravelapeluqueros.es\"><img loading=\"lazy\" class=\"size-full wp-image-4515 aligncenter\" src=\"https:\/\/www.pravelashop.com\/blog\/wp-content\/uploads\/2017\/12\/Sienna-Miller.jpg\" alt=\"Mas peinados de fiesta\" width=\"420\" height=\"560\" \/><\/a><\/p>\n<p>&nbsp;<\/p>\n<p><strong>Recogido de proporciones mixtas<\/strong><\/p>\n<p>Sienna Miller<\/p>\n<p>Las ra\u00edces bombeadas le dan un aire diferente al cl\u00e1sico mo\u00f1o de bailarina de Sienna Miller.<\/p>\n<p>Para conseguirlo debes comenzar por peinar hacia atr\u00e1s la secci\u00f3n de cabello de la frente.<\/p>\n<p>Una vez que tenga algo de altura, al\u00edsalo con un cepillo de cerdas duras.<\/p>\n<p>Recoge el cabello en una cola de caballo baja, lima los lados con una cera antes de retorcerlo y asegurarlo con pasadores en forma de U.<\/p>\n<p>&nbsp;<\/p>\n<p><a href=\"http:\/\/www.pravelapeluqueros.es\"><img loading=\"lazy\" class=\"size-full wp-image-4516 aligncenter\" src=\"https:\/\/www.pravelashop.com\/blog\/wp-content\/uploads\/2017\/12\/Rose-Byrne.jpg\" alt=\"Mas peinados de fiesta\" width=\"636\" height=\"424\" \/><\/a><\/p>\n<p>&nbsp;<\/p>\n<p><strong>Recogido con mo\u00f1o voluminoso.<\/strong><\/p>\n<p>Rose Byrne<\/p>\n<p>Este recogido de Rose Byrne tiene un toque retro sin parecer anticuado.<\/p>\n<p>Es muy femenino y tiene una hermosa silueta.<\/p>\n<p>Levanta el cabello seco en la parte superior de la cabeza y roc\u00eda las ra\u00edces con un aerosol voluminizador.<\/p>\n<p>Asienta el spray con un secador de pelo y p\u00e9inate hacia atr\u00e1s el pelo a unos diez cent\u00edmetros de la l\u00ednea del cabello.<\/p>\n<p>Inclina el cabello para obtener m\u00e1s volumen, alis\u00e1ndolo de nuevo con un peine o con los dedos antes de envolverlo en un mo\u00f1o.<\/p>\n<p>Asegura el peinado con pasadores en forma de U.<\/p>\n<p>&nbsp;<\/p>\n<p><a href=\"http:\/\/www.pravelapeluqueros.es\"><img loading=\"lazy\" class=\"size-full wp-image-4517 aligncenter\" src=\"https:\/\/www.pravelashop.com\/blog\/wp-content\/uploads\/2017\/12\/Rachel-McAdams.jpg\" alt=\"Mas peinados de fiesta\" width=\"636\" height=\"424\" \/><\/a><\/p>\n<p>&nbsp;<\/p>\n<p><strong>Recogido franc\u00e9s.<\/strong><\/p>\n<p>Rachel McAdams<\/p>\n<p>Este no es ning\u00fan viejo recogido franc\u00e9s.<\/p>\n<p>Tiene el rollo cl\u00e1sico en la parte posterior, pero una sensaci\u00f3n de tup\u00e9 en el frente.<\/p>\n<p>\u00bfY sabes la mejor parte?<\/p>\n<p>Cualquier mujer podr\u00eda lograr esto, sin importar su edad.<\/p>\n<p>Comienza por desordenar el cabello ligeramente en la frente desde la l\u00ednea del cabello hasta la mitad de la cabeza.<\/p>\n<p>Usa spray para el cabello o, si te has lavado el pelo hace menos de un d\u00eda, champ\u00fa seco.<\/p>\n<p>P\u00e9inate el cabello hacia atr\u00e1s con las manos hacia el lado izquierdo y rod\u00e9alo de arriba hacia abajo.<\/p>\n<p>Aseg\u00farelo despu\u00e9s con pasadores en forma de U, y deje volar los flecos.<\/p>\n<p>&nbsp;<\/p>\n<p><strong>Si alguno de estos peinados o cualquier otro te ha convencido, vente a <a href=\"http:\/\/www.pravelapeluqueros.es\">Pravela<\/a> y nuestras peluqueras estar\u00e1n encantadas de conseguirlo\u00a0 y ya sabes que estos y mas peinados de fiesta estan esperando por ti.<br \/>\n<\/strong><\/p>\n<p>&nbsp;<\/p>\n<p align=\"center\"><strong>Nuestras peluquer\u00edas -&gt; <\/strong><a href=\"http:\/\/www.pravelapeluqueros.es\">www.pravelapeluqueros.es<\/a><\/p>\n<p align=\"center\"><strong>Nuestra Tienda Online \u2014\u2013&gt;<\/strong><a href=\"http:\/\/www.pravelashop.com\">www.pravelashop.com<\/a><\/p>\n","protected":false},"excerpt":{"rendered":"<p>Hola, amiga. Hoy te traigo mas peinados de fiesta. He vuelto a rebuscar en los armarios de las famosas y os traigo nuevos peinados que puedes probar en tus cenas o fiestas de estas Navidades. &nbsp; &nbsp; Recogido de proporciones mixtas Sienna Miller Las ra\u00edces bombeadas le dan un aire diferente al cl\u00e1sico mo\u00f1o de<\/p>\n","protected":false},"author":1,"featured_media":4518,"comment_status":"open","ping_status":"open","sticky":false,"template":"","format":"standard","meta":[],"categories":[11,13,4],"tags":[38,63,44,39,82],"_links":{"self":[{"href":"https:\/\/www.pravelashop.com\/blog\/wp-json\/wp\/v2\/posts\/4514"}],"collection":[{"href":"https:\/\/www.pravelashop.com\/blog\/wp-json\/wp\/v2\/posts"}],"about":[{"href":"https:\/\/www.pravelashop.com\/blog\/wp-json\/wp\/v2\/types\/post"}],"author":[{"embeddable":true,"href":"https:\/\/www.pravelashop.com\/blog\/wp-json\/wp\/v2\/users\/1"}],"replies":[{"embeddable":true,"href":"https:\/\/www.pravelashop.com\/blog\/wp-json\/wp\/v2\/comments?post=4514"}],"version-history":[{"count":1,"href":"https:\/\/www.pravelashop.com\/blog\/wp-json\/wp\/v2\/posts\/4514\/revisions"}],"predecessor-version":[{"id":4519,"href":"https:\/\/www.pravelashop.com\/blog\/wp-json\/wp\/v2\/posts\/4514\/revisions\/4519"}],"wp:featuredmedia":[{"embeddable":true,"href":"https:\/\/www.pravelashop.com\/blog\/wp-json\/wp\/v2\/media\/4518"}],"wp:attachment":[{"href":"https:\/\/www.pravelashop.com\/blog\/wp-json\/wp\/v2\/media?parent=4514"}],"wp:term":[{"taxonomy":"category","embeddable":true,"href":"https:\/\/www.pravelashop.com\/blog\/wp-json\/wp\/v2\/categories?post=4514"},{"taxonomy":"post_tag","embeddable":true,"href":"https:\/\/www.pravelashop.com\/blog\/wp-json\/wp\/v2\/tags?post=4514"}],"curies":[{"name":"wp","href":"https:\/\/api.w.org\/{rel}","templated":true}]}}